{"id":865608,"date":"2026-03-13T14:59:15","date_gmt":"2026-03-13T14:59:15","guid":{"rendered":"https:\/\/www.europesays.com\/de\/865608\/"},"modified":"2026-03-13T14:59:15","modified_gmt":"2026-03-13T14:59:15","slug":"habe-einen-fehler-gemacht-gestaendnis-des-busfahrers-im-prozess-nach-toedlichem-busunfall-auf-a9-bei-leipzig","status":"publish","type":"post","link":"https:\/\/www.europesays.com\/de\/865608\/","title":{"rendered":"&#8222;Habe einen Fehler gemacht&#8220;: Gest\u00e4ndnis des Busfahrers im Prozess nach t\u00f6dlichem Busunfall auf A9 bei Leipzig"},"content":{"rendered":"<p class=\"text\">\nDer Doppelstockbus war am 27. M\u00e4rz 2024 <a href=\"https:\/\/www.mdr.de\/nachrichten\/sachsen\/leipzig\/leipzig-leipzig-land\/bus-unfall-autobahn-ermittlungen-tote-100.html\" title=\"Ein Jahr nach t\u00f6dlichem Busungl\u00fcck auf A9 bei Leipzig: Untersuchungen dauern an\" rel=\"nofollow noopener\" target=\"_blank\">auf dem Weg von Berlin nach Z\u00fcrich verungl\u00fcckt<\/a>. An Bord waren 54 Menschen, darunter zwei Busfahrer. Mehrere Hubschrauber landeten auf der Autobahn, Krankenwagen eilten zur Unfallstelle zwischen der Anschlussstelle Wiedemar und dem Schkeuditzer Kreuz. Erst nach drei Stunden konnte das verungl\u00fcckte Fahrzeug mit Hilfe von Gurten aufgerichtet und die Toten sowie Verletzten aus dem Innenraum geholt werden. Dabei hatten mobile Sichtschutzw\u00e4nde die Arbeit der Rettungskr\u00e4fte abgeschirmt.<\/p>\n<p>Vier Frauen im Alter von 19, 20, 43 und 47 Jahren starben in dem Wrack, 46 Fahrg\u00e4ste wurden verletzt, einige von ihnen schwer.\n<\/p>\n<p class=\"text\">\nDer damals 62 Jahre alte Fahrer habe bei fast Tempo 100 die Kontrolle \u00fcber den Bus verloren, hatte die Staatsanwaltschaft mitgeteilt. Sie geht davon aus, dass der Mann die &#8222;im Verkehr erforderliche Sorgfalt&#8220; vermissen lie\u00df und dadurch den Unfall verursacht hat. Der Fahre habe nicht unter Einfluss von Alkohol, Drogen oder Medikamenten gestanden. <\/p>\n<p>Auch technische M\u00e4ngel hatte der Bus laut Gutachten nicht. Nach Angaben des Busunternehmens war der Fahrer seit Abfahrt in Berlin um 8 Uhr am Steuer und habe alle Lenk- und Ruhezeiten eingehalten.<\/p>\n<p>Der schwere Unfall hat auch die Diskussion um die <a href=\"https:\/\/www.mdr.de\/nachrichten\/deutschland\/panorama\/bus-anschnallpflicht-durchsetzung-100.html\" title=\"Gurtpflicht bei Busreisen schwer durchsetzbar\" rel=\"nofollow noopener\" target=\"_blank\">Anschnallpflicht<\/a> in Reisebussen neu entfacht.<\/p>\n","protected":false},"excerpt":{"rendered":"Der Doppelstockbus war am 27. M\u00e4rz 2024 auf dem Weg von Berlin nach Z\u00fcrich verungl\u00fcckt. An Bord waren&hellip;\n","protected":false},"author":2,"featured_media":865609,"comment_status":"","ping_status":"","sticky":false,"template":"","format":"standard","meta":{"footnotes":"","_share_on_mastodon":"0"},"categories":[5],"tags":[16238,5543,62476,985,7244,2690,13,81,14,15,121,1269,859,12,10,8,9,11,12219,1284],"class_list":["post-865608","post","type-post","status-publish","format-standard","has-post-thumbnail","category-nachrichten","tag-busfahrer","tag-autobahn","tag-busunglueck","tag-feuerwehr","tag-flixbus","tag-gericht","tag-headlines","tag-mdr","tag-nachrichten","tag-news","tag-polizei","tag-prozess","tag-sachsen","tag-schlagzeilen","tag-top-news","tag-top-meldungen","tag-topmeldungen","tag-topnews","tag-tote","tag-unfall"],"share_on_mastodon":{"url":"https:\/\/pubeurope.com\/@de\/116222464286328864","error":""},"_links":{"self":[{"href":"https:\/\/www.europesays.com\/de\/wp-json\/wp\/v2\/posts\/865608","targetHints":{"allow":["GET"]}}],"collection":[{"href":"https:\/\/www.europesays.com\/de\/wp-json\/wp\/v2\/posts"}],"about":[{"href":"https:\/\/www.europesays.com\/de\/wp-json\/wp\/v2\/types\/post"}],"author":[{"embeddable":true,"href":"https:\/\/www.europesays.com\/de\/wp-json\/wp\/v2\/users\/2"}],"replies":[{"embeddable":true,"href":"https:\/\/www.europesays.com\/de\/wp-json\/wp\/v2\/comments?post=865608"}],"version-history":[{"count":0,"href":"https:\/\/www.europesays.com\/de\/wp-json\/wp\/v2\/posts\/865608\/revisions"}],"wp:featuredmedia":[{"embeddable":true,"href":"https:\/\/www.europesays.com\/de\/wp-json\/wp\/v2\/media\/865609"}],"wp:attachment":[{"href":"https:\/\/www.europesays.com\/de\/wp-json\/wp\/v2\/media?parent=865608"}],"wp:term":[{"taxonomy":"category","embeddable":true,"href":"https:\/\/www.europesays.com\/de\/wp-json\/wp\/v2\/categories?post=865608"},{"taxonomy":"post_tag","embeddable":true,"href":"https:\/\/www.europesays.com\/de\/wp-json\/wp\/v2\/tags?post=865608"}],"curies":[{"name":"wp","href":"https:\/\/api.w.org\/{rel}","templated":true}]}}