{"id":865617,"date":"2026-03-13T15:04:15","date_gmt":"2026-03-13T15:04:15","guid":{"rendered":"https:\/\/www.europesays.com\/de\/865617\/"},"modified":"2026-03-13T15:04:15","modified_gmt":"2026-03-13T15:04:15","slug":"ein-scherpenseeler-ist-nun-trainer-von-eintracht-braunschweig","status":"publish","type":"post","link":"https:\/\/www.europesays.com\/de\/865617\/","title":{"rendered":"Ein Scherpenseeler ist nun Trainer von Eintracht Braunschweig"},"content":{"rendered":"<p>Der geb\u00fcrtige Scherpenseeler (\u00dcbach-Palenberg im Kreis Heinsberg) folgt auf Heiner Backhaus. Der Ex-Trainer Alemannia Aachens wurde nach nur zwei Punkten aus f\u00fcnf Spielen, die die Eintracht auf Rang 15 abrutschen lie\u00dfen (nur das leicht bessere Torverh\u00e4ltnis trennt Braunschweig noch vom Relegationsplatz 16), am Dienstagnachmittag entlassen.<\/p>\n<p>\u201eMit Lars verpflichten wir einen sehr ambitionierten Trainer, der in unterschiedlichsten Rollen schon viele Erfahrungen auf h\u00f6chstem Niveau gesammelt hat. Lars hat uns in sehr guten Gespr\u00e4chen sowohl mit seiner inhaltlichen Herangehensweise als auch im zwischenmenschlichen Bereich total \u00fcberzeugt. Er ist ein kommunikativer, positiver Charakter. Zudem waren seine Energie und seine sofortige Bereitschaft, die Aufgabe bei uns anzunehmen, hundertprozentig sp\u00fcrbar\u201c, schreibt Benjamin Kessel, Braunschweigs Gesch\u00e4ftsf\u00fchrer Sport, auf der Homepage des Vereins.<\/p>\n<p>\u201eIch freue mich sehr auf diese Chance bei der Eintracht. Ich verfolge den Weg schon lange: Braunschweig ist ein Name im deutschen Fu\u00dfball, der mit vielen Erfolgen und extrem hoher Identifikation der Fans verbunden ist\u201c, wird Kornetka dort selbst zitiert \u2013 und weiter: \u201eDie Gespr\u00e4che mit den Verantwortlichen waren vom ersten Moment an zielf\u00fchrend, so dass wir schnell eine Einigung gefunden haben.\u201c<\/p>\n<p> Zwei Aufgaben zugleich f\u00fcr Kornetka <\/p>\n<p>Zugleich bedankte er sich beim \u00d6FB, dem \u00d6sterreichischen Fu\u00dfball-Bund, f\u00fcr dessen Entgegenkommen. Denn beim \u00d6FB ist Kornetka seit Juni 2022 einer der Co-Trainer Ralf Rangnicks. Diese Funktion wird er bis einschlie\u00dflich der Weltmeisterschaft im Sommer, f\u00fcr die sich \u00d6sterreich qualifiziert hat, auch parallel aus\u00fcben \u2013 egal, wie lange \u00d6sterreich bei der WM dabei ist. Das hei\u00dft konkret, dass er den Trainingsauftakt der Eintracht im Sommer aller Voraussicht nach verpassen wird.<\/p>\n<p>Kornetkas Heimatverein ist der A-Liga-Aufsteiger SV Scherpenseel-Grotenrath. Zu diesem Verein aus der Stadt \u00dcbach-Palenberg h\u00e4lt er weiterhin sehr engen Kontakt, ist nicht nur bei Spielen, sondern auch als Referent immer wieder mal vor Ort. Kein Wunder, denn sein Bruder Carsten Kornetka, der eine Versicherungsagentur in Erkelenz leitet, ist schon seit vielen Jahren Vorsitzender der SV. \u201eIch freue mich daher gleich in Doppelfunktion riesig f\u00fcr ihn, bin m\u00e4chtig stolz auf ihn \u2013 seine erste Stelle als Cheftrainer ist gleich in der 2. Liga. Ich bin auch zuversichtlich, dass er mit seinen F\u00e4higkeiten, seinem K\u00f6nnen, den Klassenerhalt schaffen wird\u201c, erkl\u00e4rte Carsten Kornetka am Mittwochmittag auf Nachfrage unserer Redaktion.<\/p>\n<p>Dass sein Bruder die WM als Co-Trainer \u00d6sterreichs parallel unbedingt noch mitnehmen m\u00f6chte, kann er nur zu gut verstehen: \u201eLars hat so viel Herzblut in die Qualifikation gesteckt, da m\u00f6chte er das Endturnier nat\u00fcrlich nun auch noch erleben.\u201c Er selbst werde mit seinen beiden \u00e4lteren S\u00f6hnen bei der WM ebenfalls vor Ort sein.<\/p>\n<p> Fu\u00dfballtrainer statt Sportjournalist <\/p>\n<p>Lars Kornetka hat einen ungew\u00f6hnlichen Werdegang hinter sich. Denn urspr\u00fcnglich wollte er nach dem Abitur am Carolus-Magnus-Gymnasium in \u00dcbach-Palenberg Sportjournalist werden. Die komplette Jugend hatte er f\u00fcr seinen Heimatverein SV Scherpenseel gekickt \u2013 und spielte dank eines genehmigten Sonderantrags schon mit 17 Jahren f\u00fcr die erste Mannschaft.<\/p>\n<p>Das Erkelenzer Land lernte Kornetka dann aber nicht nur durch den Fu\u00dfball, sondern auch durch seinen Zivildienst kennen, als er auf langen Autofahrten Essen im Kreis verteilte oder Hilfsbed\u00fcrftige beim Haushalt und Einkauf unterst\u00fctzte. \u201eDas waren wilde Touren. Wir kannten uns in der Gegend nicht aus, und es gab kein Navi\u201c, erz\u00e4hlte er unserer Redaktion f\u00fcr ein Portr\u00e4t im August 2024. Seit 15 Jahren wohnt er mit Frau und Kind in D\u00fcsseldorf.<\/p>\n<p>Erste Erfahrungen als Fu\u00dfballjournalist im Printbereich sammelte er dann f\u00fcr das Magazin \u201ePfostenknaller\u201c aus der Region Aachen, als Student arbeitete er f\u00fcr den WDR, Premiere und DSF. \u201eMein Ziel war es dann, Regisseur zu werden. Eigentlich wollte ich gerade ein Volontariat machen, als ich Bernhard Peters kennenlernte.\u201c<\/p>\n<p>\u00dcber den fr\u00fcheren Hockey-Bundestrainer (\u201ef\u00fcr Bernhard hatte ich einige Videos geschnitten\u201c) kam Kornetka 2007 mit der TSG Hoffenheim in Kontakt. Peters war seit 2006 dort Direktor f\u00fcr Sport und Nachwuchsf\u00f6rderung. Der Trainer war ebenfalls seit 2006 Ralf Rangnick \u2013 und der klopfte bei Kornetka dessen Bereitschaft ab, als Videoanalyst (den Job gab es damals noch gar nicht) f\u00fcr ihn zu arbeiten. Daraus entwickelte sich eine Zusammenarbeit, die bis heute andauert.<\/p>\n<p>Im \u00f6sterreichischen Trainerteam ist er der Spezialist f\u00fcr das Spiel gegen den Ball \u2013 also f\u00fcr das Verteidigen und die Umschaltphasen. \u201eF\u00fcr viele ist Verteidigen das Einfachste, weil man nur dem Ball oder dem Gegner hinterherrennt. Wir im Team sehen das anders. Verteidigen ist eine Fu\u00dfballart, die sehr viel Verstand und Training abverlangt. Wenn man das gemeinsam macht, im Schwarmgedanken, kann das eine au\u00dfergew\u00f6hnliche Waffe sein\u201c, lautet Kornetkas Credo. In Braunschweig wird er als Cheftrainer nun aber vor allem f\u00fcr das gro\u00dfe Ganze zust\u00e4ndig sein.<\/p>\n","protected":false},"excerpt":{"rendered":"Der geb\u00fcrtige Scherpenseeler (\u00dcbach-Palenberg im Kreis Heinsberg) folgt auf Heiner Backhaus. Der Ex-Trainer Alemannia Aachens wurde nach nur&hellip;\n","protected":false},"author":2,"featured_media":865618,"comment_status":"","ping_status":"","sticky":false,"template":"","format":"standard","meta":{"footnotes":"","_share_on_mastodon":"0"},"categories":[1850],"tags":[621,59311,6429,191741,3364,29,8704,548,663,3934,30,13,191739,191742,14,15,1411,67699,12,191740],"class_list":["post-865617","post","type-post","status-publish","format-standard","has-post-thumbnail","category-braunschweig","tag-2-bundesliga","tag-benjamin-kessel","tag-braunschweig","tag-carsten-kornetka","tag-de","tag-deutschland","tag-eintracht-braunschweig","tag-eu","tag-europa","tag-europe","tag-germany","tag-headlines","tag-kreisliga-a-heinsberg","tag-lars-kornetka","tag-nachrichten","tag-news","tag-niedersachsen","tag-ralf-rangnick","tag-schlagzeilen","tag-sv-scherpenseel-grotenrath"],"share_on_mastodon":{"url":"https:\/\/pubeurope.com\/@de\/116222484055529660","error":""},"_links":{"self":[{"href":"https:\/\/www.europesays.com\/de\/wp-json\/wp\/v2\/posts\/865617","targetHints":{"allow":["GET"]}}],"collection":[{"href":"https:\/\/www.europesays.com\/de\/wp-json\/wp\/v2\/posts"}],"about":[{"href":"https:\/\/www.europesays.com\/de\/wp-json\/wp\/v2\/types\/post"}],"author":[{"embeddable":true,"href":"https:\/\/www.europesays.com\/de\/wp-json\/wp\/v2\/users\/2"}],"replies":[{"embeddable":true,"href":"https:\/\/www.europesays.com\/de\/wp-json\/wp\/v2\/comments?post=865617"}],"version-history":[{"count":0,"href":"https:\/\/www.europesays.com\/de\/wp-json\/wp\/v2\/posts\/865617\/revisions"}],"wp:featuredmedia":[{"embeddable":true,"href":"https:\/\/www.europesays.com\/de\/wp-json\/wp\/v2\/media\/865618"}],"wp:attachment":[{"href":"https:\/\/www.europesays.com\/de\/wp-json\/wp\/v2\/media?parent=865617"}],"wp:term":[{"taxonomy":"category","embeddable":true,"href":"https:\/\/www.europesays.com\/de\/wp-json\/wp\/v2\/categories?post=865617"},{"taxonomy":"post_tag","embeddable":true,"href":"https:\/\/www.europesays.com\/de\/wp-json\/wp\/v2\/tags?post=865617"}],"curies":[{"name":"wp","href":"https:\/\/api.w.org\/{rel}","templated":true}]}}