{"id":865662,"date":"2026-03-13T15:29:16","date_gmt":"2026-03-13T15:29:16","guid":{"rendered":"https:\/\/www.europesays.com\/de\/865662\/"},"modified":"2026-03-13T15:29:16","modified_gmt":"2026-03-13T15:29:16","slug":"in-berlin-wildschwein-irrt-durch-einkaufszentrum-regional","status":"publish","type":"post","link":"https:\/\/www.europesays.com\/de\/865662\/","title":{"rendered":"In Berlin: Wildschwein irrt durch Einkaufszentrum | Regional"},"content":{"rendered":"<p><a class=\"skip-content skip-content--link\" href=\"#in-content-skip-link-target-v-0-0\">TTS-Player \u00fcberspringen\u21b5<\/a><a id=\"in-content-skip-link-target-v-0-0\" class=\"skip-content--target-link-hidden skip-content skip-content--target-link\" href=\"#in-content-skip-link-target-v-0-0\">Artikel weiterlesen<\/a><\/p>\n<p>Berlin \u2013 <b>Tierischer Polizei-Einsatz am Freitagvormittag in Berlin-K\u00f6penick! Dort hatte sich ein Wildschwein im Einkaufszentrum Allende-Center verirrt und sich quer durch einen Tedi-Markt gew\u00fchlt.<\/b><\/p>\n<p>Ein Foto zeigt das Wildschwein, wie es \u2013 offenbar in aller Seelenruhe \u2013 durch den Kassenbereich eines Tedi-Marktes l\u00e4uft. Zuvor war es nach BILD-Informationen durch den Haupteingang in das Center gelaufen.<\/p>\n<p><img decoding=\"async\" width=\"992\" height=\"558\" alt=\"Zwei Stunden w\u00fctet das Schwein im K\u00f6penicker Einkaufszentrum. Hier w\u00fchlte es sich durch Geburtstags-Deko\" src=\"https:\/\/www.europesays.com\/de\/wp-content\/uploads\/2026\/03\/30555e59f70a631e4e3b5a50e6622a4b,28b0b588.jpeg\"   class=\"landscape\" loading=\"lazy\"\/><\/p>\n<p class=\"fig__caption__text\">Zwei Stunden w\u00fctet das Schwein im K\u00f6penicker Einkaufszentrum. Hier w\u00fchlte es sich durch Geburtstags-Deko<\/p>\n<p>Foto: Sven Meissner<\/p>\n<p>Polizei und der Tierpark <a href=\"https:\/\/www.bild.de\/regional\/berlin\/berlin-regional\/home-15823246.bild.html\" class=\"text-link\" rel=\"nofollow noopener\" target=\"_blank\">Berlin<\/a> waren im Einsatz. Tierpfleger und Tier\u00e4rzte r\u00fcckten mit Blasrohr, Narkosegewehr und h\u00f6lzernen Schutzschilden an. Beamte sperrten das ganze Einkaufszentrum ab. <\/p>\n<p>Eigentlich sollte das Tier eingefangen, bet\u00e4ubt und dann wieder ausgewildert werden. Doch daraus wurde nichts. \u201eEine Narkotisierung des Tieres war aufgrund der r\u00e4umlichen Gegebenheiten nicht m\u00f6glich\u201c, teilte eine Tierpark-Sprecherin mit. Die L\u00f6sung: Das Wildschwein wurde mit Europaletten und Einsatzschilden nach drau\u00dfen gedr\u00e4ngt. <\/p>\n<p>\u201eDas Wildschwein ist wieder in freier Wildbahn\u201c, sagte ein Sprecher der <a href=\"https:\/\/www.bild.de\/regional\/aktuelles\/polizei\/polizeieinsatz-alle-infos-76681760.bild.html\" class=\"text-link\" rel=\"nofollow noopener\" target=\"_blank\">Polizei<\/a> nach etwa zwei Stunden. <\/p>\n<p> An dieser Stelle findest du Inhalte aus Twitter <\/p>\n<p> Um mit Inhalten aus Twitter und anderen sozialen Netzwerken zu interagieren oder diese darzustellen, brauchen wir deine Zustimmung. <\/p>\n<p> soziale Netzwerke aktivieren  Um eingebettete Inhalte anzuzeigen, ist Ihre jederzeit widerrufliche Einwilligung (\u00fcber den Schalter oder \u00fcber &#8220; <a class=\"embed-placeholder__text-link\" href=\"#\" rel=\"noopener noreferrer\" title=\"Tracking widerrufen\"> Widerruf Tracking und Cookies<\/a> &#8220; am Seitenende) zur Verarbeitung personenbezogener Daten n\u00f6tig.  Dabei k\u00f6nnen Daten in Drittl\u00e4nder wie die USA \u00fcbermittelt werden (Art. 49 Abs. 1 lit. a DSGVO). Mit dem Aktivieren des Inhalts stimmen Sie zu. Weitere Infos finden Sie <a class=\"embed-placeholder__text-link\" href=\"#\" rel=\"noopener noreferrer\" title=\"Zu den Privatsph\u00e4re Einstellungen\"> hier<\/a>. <\/p>\n","protected":false},"excerpt":{"rendered":"TTS-Player \u00fcberspringen\u21b5Artikel weiterlesen Berlin \u2013 Tierischer Polizei-Einsatz am Freitagvormittag in Berlin-K\u00f6penick! Dort hatte sich ein Wildschwein im Einkaufszentrum&hellip;\n","protected":false},"author":2,"featured_media":865663,"comment_status":"","ping_status":"","sticky":false,"template":"","format":"standard","meta":{"footnotes":"","_share_on_mastodon":"0"},"categories":[5],"tags":[331,332,296,1737,3364,29,1736,30,13,31731,14,15,12,138370,45,10395],"class_list":["post-865662","post","type-post","status-publish","format-standard","has-post-thumbnail","category-nachrichten","tag-aktuelle-nachrichten","tag-aktuelle-news","tag-berlin","tag-breaking-news","tag-de","tag-deutschland","tag-fb-instantarticles","tag-germany","tag-headlines","tag-koepenick","tag-nachrichten","tag-news","tag-schlagzeilen","tag-team-first","tag-texttospeech","tag-wildschwein"],"share_on_mastodon":{"url":"https:\/\/pubeurope.com\/@de\/116222582414634317","error":""},"_links":{"self":[{"href":"https:\/\/www.europesays.com\/de\/wp-json\/wp\/v2\/posts\/865662","targetHints":{"allow":["GET"]}}],"collection":[{"href":"https:\/\/www.europesays.com\/de\/wp-json\/wp\/v2\/posts"}],"about":[{"href":"https:\/\/www.europesays.com\/de\/wp-json\/wp\/v2\/types\/post"}],"author":[{"embeddable":true,"href":"https:\/\/www.europesays.com\/de\/wp-json\/wp\/v2\/users\/2"}],"replies":[{"embeddable":true,"href":"https:\/\/www.europesays.com\/de\/wp-json\/wp\/v2\/comments?post=865662"}],"version-history":[{"count":0,"href":"https:\/\/www.europesays.com\/de\/wp-json\/wp\/v2\/posts\/865662\/revisions"}],"wp:featuredmedia":[{"embeddable":true,"href":"https:\/\/www.europesays.com\/de\/wp-json\/wp\/v2\/media\/865663"}],"wp:attachment":[{"href":"https:\/\/www.europesays.com\/de\/wp-json\/wp\/v2\/media?parent=865662"}],"wp:term":[{"taxonomy":"category","embeddable":true,"href":"https:\/\/www.europesays.com\/de\/wp-json\/wp\/v2\/categories?post=865662"},{"taxonomy":"post_tag","embeddable":true,"href":"https:\/\/www.europesays.com\/de\/wp-json\/wp\/v2\/tags?post=865662"}],"curies":[{"name":"wp","href":"https:\/\/api.w.org\/{rel}","templated":true}]}}