{"id":865700,"date":"2026-03-13T15:51:14","date_gmt":"2026-03-13T15:51:14","guid":{"rendered":"https:\/\/www.europesays.com\/de\/865700\/"},"modified":"2026-03-13T15:51:14","modified_gmt":"2026-03-13T15:51:14","slug":"kamelfohlen-geboren-wann-wilhelma-besucher-es-sehen-koennen","status":"publish","type":"post","link":"https:\/\/www.europesays.com\/de\/865700\/","title":{"rendered":"Kamelfohlen geboren \u2013 wann Wilhelma-Besucher es sehen k\u00f6nnen"},"content":{"rendered":"<p class=\"opener\">\u00a0Im Stuttgarter Zoo Wilhelma ist ein Kamelfohlen zur Welt gekommen. Die ersten Lebenstage verbringe das Trampeltier zur Eingew\u00f6hnung in einem separaten Gehege nur mit der Mutter. Im Laufe der n\u00e4chsten Woche k\u00f6nnen Besucher auf der gro\u00dfen Anlage dann den Nachwuchs bestaunen, wie es in einer Mitteilung hie\u00df.<\/p>\n<p>Mutter des Fohlens ist die Trampeltierstute Chiara. Sie wurde vor 17 Jahren selbst in der Wilhelma geboren. Vater des Jungtiers ist der zw\u00f6lf Jahre alte Hengst Genghis.<\/p>\n<p><img decoding=\"async\" src=\"https:\/\/www.europesays.com\/de\/wp-content\/uploads\/2026\/03\/fltqqjjht5-v3-ax-s2048-1024x536.jpg\" width=\"1024\" height=\"536\" alt=\"Das Kamelfohlen ist am 13. M\u00e4rz zur Welt gekommen\" loading=\"lazy\"\/>(Foto: Birger Meierjohann\/Wilhelma Stuttgart\/dpa)<\/p>\n<p>Man freue sich sehr \u00fcber den Familienzuwachs am Morgen, hie\u00df es. Da es sich um ein weibliches Fohlen handelt, stehen die Chancen gut, dass es in der Wilhelma bleiben kann, wie ein Sprecher sagte. Weibliche Tiere k\u00f6nnten gut miteinander auskommen, w\u00e4hrend es bei m\u00e4nnlichen zu Revierstreitigkeiten kommen k\u00f6nne.<\/p>\n","protected":false},"excerpt":{"rendered":"\u00a0Im Stuttgarter Zoo Wilhelma ist ein Kamelfohlen zur Welt gekommen. Die ersten Lebenstage verbringe das Trampeltier zur Eingew\u00f6hnung&hellip;\n","protected":false},"author":2,"featured_media":865701,"comment_status":"","ping_status":"","sticky":false,"template":"","format":"standard","meta":{"footnotes":"","_share_on_mastodon":"0"},"categories":[1830],"tags":[1634,3364,29,30,132729,191753,1441,43287,191751,6500,191752],"class_list":["post-865700","post","type-post","status-publish","format-standard","has-post-thumbnail","category-stuttgart","tag-baden-wuerttemberg","tag-de","tag-deutschland","tag-germany","tag-kamel","tag-kamelfohlen","tag-stuttgart","tag-ueberregional","tag-wilmelma","tag-zoo","tag-zoo-stuttgart"],"share_on_mastodon":{"url":"https:\/\/pubeurope.com\/@de\/116222668793565530","error":""},"_links":{"self":[{"href":"https:\/\/www.europesays.com\/de\/wp-json\/wp\/v2\/posts\/865700","targetHints":{"allow":["GET"]}}],"collection":[{"href":"https:\/\/www.europesays.com\/de\/wp-json\/wp\/v2\/posts"}],"about":[{"href":"https:\/\/www.europesays.com\/de\/wp-json\/wp\/v2\/types\/post"}],"author":[{"embeddable":true,"href":"https:\/\/www.europesays.com\/de\/wp-json\/wp\/v2\/users\/2"}],"replies":[{"embeddable":true,"href":"https:\/\/www.europesays.com\/de\/wp-json\/wp\/v2\/comments?post=865700"}],"version-history":[{"count":0,"href":"https:\/\/www.europesays.com\/de\/wp-json\/wp\/v2\/posts\/865700\/revisions"}],"wp:featuredmedia":[{"embeddable":true,"href":"https:\/\/www.europesays.com\/de\/wp-json\/wp\/v2\/media\/865701"}],"wp:attachment":[{"href":"https:\/\/www.europesays.com\/de\/wp-json\/wp\/v2\/media?parent=865700"}],"wp:term":[{"taxonomy":"category","embeddable":true,"href":"https:\/\/www.europesays.com\/de\/wp-json\/wp\/v2\/categories?post=865700"},{"taxonomy":"post_tag","embeddable":true,"href":"https:\/\/www.europesays.com\/de\/wp-json\/wp\/v2\/tags?post=865700"}],"curies":[{"name":"wp","href":"https:\/\/api.w.org\/{rel}","templated":true}]}}