{"id":86577,"date":"2025-05-05T14:54:10","date_gmt":"2025-05-05T14:54:10","guid":{"rendered":"https:\/\/www.europesays.com\/de\/86577\/"},"modified":"2025-05-05T14:54:10","modified_gmt":"2025-05-05T14:54:10","slug":"so-geht-es-shuto-machino","status":"publish","type":"post","link":"https:\/\/www.europesays.com\/de\/86577\/","title":{"rendered":"So geht es Shuto Machino"},"content":{"rendered":"<p class=\"\">\n                    In der 39. Minute des Fu\u00dfball-Bundesligaspiels zwischen dem FC Augsburg und Holstein Kiel (1:3) war f\u00fcr Shuto Machino Feierabend. Ein Zweikampf in der eigenen H\u00e4lfte wurde dem Asiaten zum Verh\u00e4ngnis. Der Japaner, der eine knappe Viertelstunde zuvor die \u201eSt\u00f6rche\u201c per Elfmeter in F\u00fchrung gebracht hatte, knickte um und musste anschlie\u00dfend von Mannschaftsarzt Andre H\u00f6nig sowie Physiotherapeut David Hallmann vom Platz gef\u00fchrt werden. Sp\u00e4ter sah man den japanischen Nationalspieler an Gehhilfen durch die Mixed-Zone und den Kabinenbereich humpeln.\n            <\/p>\n<p class=\"\">\n                    Mittlerweile gibt es leichte Entwarnung. Die Untersuchungen in Kiel am Montag haben ergeben, dass Machino sich keine strukturellen Verletzungen am Sprunggelenk zugezogen hat. Ob der 25-J\u00e4hrige bereits am Samstag, 10. Mai, im Heimspiel gegen den SC Freiburg wieder einsatzbereit ist, steht indes noch nicht fest.\n            <\/p>\n<p>\n                                Jubel mit Gehhilfen: Shuto Machino (links) und David Zec feiern den 3:1-Sieg von Holstein Kiel beim FC Augsburg.<br \/>\n                            Foto: imago\/Eibner<\/p>\n<p><img decoding=\"async\" src=\"https:\/\/www.europesays.com\/de\/wp-content\/uploads\/2025\/05\/imago1061706814.jpg\" title=\"Jubel mit Gehhilfen: Shuto Machino (links) und David Zec feiern den 3:1-Sieg von Holstein Kiel beim FC Augsburg.\" alt=\"Jubel mit Gehhilfen: Shuto Machino (links) und David Zec feiern den 3:1-Sieg von Holstein Kiel beim FC Augsburg.\" class=\"lightbox__single-image__content__image-wrapper__img\" loading=\"lazy\" width=\"375\" height=\"250\"\/>Icon MaximizeIcon Lightbox Maximize<\/p>\n<p>SchliessenX ZeichenKleines Zeichen welches ein X symbolisiert<\/p>\n<p><img class=\"lightbox--enabled__container__image-wrapper__img\" alt=\"\"\/><\/p>\n<p class=\"\">\n                    Machino, f\u00fcr den in Augsburg Phil Harres eingewechselt wurde, f\u00fchrt mit elf Treffern die Holstein-interne Torsch\u00fctzenliste an. Im Ranking der Bundesliga-Goalgetter ist der Japaner auf Position 11 zu finden.\n            <\/p>\n","protected":false},"excerpt":{"rendered":"In der 39. Minute des Fu\u00dfball-Bundesligaspiels zwischen dem FC Augsburg und Holstein Kiel (1:3) war f\u00fcr Shuto Machino&hellip;\n","protected":false},"author":2,"featured_media":86578,"comment_status":"","ping_status":"","sticky":false,"template":"","format":"standard","meta":{"footnotes":""},"categories":[1852],"tags":[680,3364,29,548,663,3934,34254,347,30,13,10243,4949,14,15,26997,298,12,1971,26998],"class_list":{"0":"post-86577","1":"post","2":"type-post","3":"status-publish","4":"format-standard","5":"has-post-thumbnail","7":"category-kiel","8":"tag-augsburg","9":"tag-de","10":"tag-deutschland","11":"tag-eu","12":"tag-europa","13":"tag-europe","14":"tag-freiburg-im-breisgau","15":"tag-fussball","16":"tag-germany","17":"tag-headlines","18":"tag-holstein-kiel","19":"tag-kiel","20":"tag-nachrichten","21":"tag-news","22":"tag-pokalwettbewerb","23":"tag-sc-freiburg","24":"tag-schlagzeilen","25":"tag-schleswig-holstein","26":"tag-sportergebnis"},"share_on_mastodon":{"url":"https:\/\/pubeurope.com\/@de\/114455803748419404","error":""},"_links":{"self":[{"href":"https:\/\/www.europesays.com\/de\/wp-json\/wp\/v2\/posts\/86577","targetHints":{"allow":["GET"]}}],"collection":[{"href":"https:\/\/www.europesays.com\/de\/wp-json\/wp\/v2\/posts"}],"about":[{"href":"https:\/\/www.europesays.com\/de\/wp-json\/wp\/v2\/types\/post"}],"author":[{"embeddable":true,"href":"https:\/\/www.europesays.com\/de\/wp-json\/wp\/v2\/users\/2"}],"replies":[{"embeddable":true,"href":"https:\/\/www.europesays.com\/de\/wp-json\/wp\/v2\/comments?post=86577"}],"version-history":[{"count":0,"href":"https:\/\/www.europesays.com\/de\/wp-json\/wp\/v2\/posts\/86577\/revisions"}],"wp:featuredmedia":[{"embeddable":true,"href":"https:\/\/www.europesays.com\/de\/wp-json\/wp\/v2\/media\/86578"}],"wp:attachment":[{"href":"https:\/\/www.europesays.com\/de\/wp-json\/wp\/v2\/media?parent=86577"}],"wp:term":[{"taxonomy":"category","embeddable":true,"href":"https:\/\/www.europesays.com\/de\/wp-json\/wp\/v2\/categories?post=86577"},{"taxonomy":"post_tag","embeddable":true,"href":"https:\/\/www.europesays.com\/de\/wp-json\/wp\/v2\/tags?post=86577"}],"curies":[{"name":"wp","href":"https:\/\/api.w.org\/{rel}","templated":true}]}}