{"id":865774,"date":"2026-03-13T16:32:13","date_gmt":"2026-03-13T16:32:13","guid":{"rendered":"https:\/\/www.europesays.com\/de\/865774\/"},"modified":"2026-03-13T16:32:13","modified_gmt":"2026-03-13T16:32:13","slug":"17-jaehriger-nach-messerattacke-am-stephanplatz-in-haft","status":"publish","type":"post","link":"https:\/\/www.europesays.com\/de\/865774\/","title":{"rendered":"17-J\u00e4hriger nach Messerattacke am Stephanplatz in Haft"},"content":{"rendered":"<p class=\"mb-6 text-xs md:text-m lg:text-l font-serif group-[.font-sans]:font-sans \">\n    Nach Angaben der Staatsanwaltschaft Karlsruhe und des Polizeipr\u00e4sidiums <a href=\"https:\/\/www.ka-news.de\/karlsruhe\" target=\"_self\" class=\"underline \" rel=\"nofollow noopener\">Karlsruhe<\/a> wird einem <strong class=\"font-bold\">17-j\u00e4hrigen Jugendlichen der Versuch einer gef\u00e4hrlichen K\u00f6rperverletzung vorgeworfen.<\/strong> Die Tat ereignete sich in der Nacht von Donnerstag, 12. M\u00e4rz, auf Freitag, 13. M\u00e4rz.\n  <\/p>\n<p>            Messerangriff am Stephanplatz in Karlsruhe<\/p>\n<p class=\"mb-6 text-xs md:text-m lg:text-l font-serif group-[.font-sans]:font-sans \">\n    Gegen 3 Uhr gerieten zwei M\u00e4nner im <strong class=\"font-bold\">Bereich des Stephanplatzes<\/strong> zun\u00e4chst in einen <strong class=\"font-bold\">verbalen Streit<\/strong>. Im weiteren Verlauf soll der Tatverd\u00e4chtige seinem 19-j\u00e4hrigen Gegen\u00fcber mit der <strong class=\"font-bold\">flachen Hand ins Gesicht geschlagen <\/strong>haben. Anschlie\u00dfend soll der <strong class=\"font-bold\">17-J\u00e4hrige mit einem Messer in Richtung des Bauchbereichs des 19-J\u00e4hrigen gestochen haben.<\/strong>\n  <\/p>\n<p>            Jacke sch\u00fctzt Gesch\u00e4digten vor Messerstich<\/p>\n<p class=\"mb-6 text-xs md:text-m lg:text-l font-serif group-[.font-sans]:font-sans \">\n    <strong class=\"font-bold\">Die Jacke des Gesch\u00e4digten fing den Stich ab, sodass dieser unverletzt blieb.<\/strong> Nach dem <strong class=\"font-bold\">Einschreiten eines Zeugen<\/strong> ergriff der <strong class=\"font-bold\">Tatverd\u00e4chtige die Flucht<\/strong>. Alarmierte <strong class=\"font-bold\">Polizeikr\u00e4fte sichteten den Fl\u00fcchtigen<\/strong> und nahmen ihn nach kurzer Verfolgung vorl\u00e4ufig fest. Zuvor lie\u00df er das Messer offenbar eigenst\u00e4ndig fallen.\n  <\/p>\n<p>            Staatsanwaltschaft Karlsruhe beantragt Haftbefehl<\/p>\n<p class=\"mb-6 text-xs md:text-m lg:text-l font-serif group-[.font-sans]:font-sans \">\n    Auf Antrag der Staatsanwaltschaft Karlsruhe f\u00fchrten Beamte den 17-j\u00e4hrigen Beschuldigten am Freitag, 13. M\u00e4rz, einem Haftrichter des Amtsgerichts <a href=\"https:\/\/www.ka-news.de\/promis\/karlsruhe-kulturlandschaft-technologieregion-und-residenz-des-rechts-die-faecherstadt-im-ueberblick-art-2783253\" target=\"_self\" class=\"underline \" rel=\"nofollow noopener\">Karlsruhe<\/a> vor. Dieser erlie\u00df Haftbefehl gegen den Jugendlichen, der sich seitdem in Untersuchungshaft befindet.\n  <\/p>\n<p class=\"mb-6 text-xs md:text-m lg:text-l font-serif group-[.font-sans]:font-sans \">\n    Quelle: Polizei<a href=\"https:\/\/www.presseportal.de\/blaulicht\/pm\/110972\/6235412\" rel=\"nofollow noopener\" target=\"_blank\" class=\"underline \">pr\u00e4sidium Karlsruhe. Hinwei<\/a>s: Diese Meldung wurde unterst\u00fctzt von KI erstellt.\n  <\/p>\n<ul data-module-id=\"DragDropModule\" class=\"flex flex-wrap justify-start group-[.no-bookmarks]:hidden\">\n<li class=\"mb-3 mr-3\">\n    Karlsruhe<\/p>\n<p>      Icon Haken im Kreis gesetzt<\/p>\n<p>      Icon Plus im Kreis<\/p>\n<\/li>\n<li class=\"mb-3 mr-3\">\n    Stephanplatz<\/p>\n<p>      Icon Haken im Kreis gesetzt<\/p>\n<p>      Icon Plus im Kreis<\/p>\n<\/li>\n<li class=\"mb-3 mr-3\">\n    Staatsanwaltschaft Karlsruhe<\/p>\n<p>      Icon Haken im Kreis gesetzt<\/p>\n<p>      Icon Plus im Kreis<\/p>\n<\/li>\n<\/ul>\n","protected":false},"excerpt":{"rendered":"Nach Angaben der Staatsanwaltschaft Karlsruhe und des Polizeipr\u00e4sidiums Karlsruhe wird einem 17-j\u00e4hrigen Jugendlichen der Versuch einer gef\u00e4hrlichen K\u00f6rperverletzung&hellip;\n","protected":false},"author":2,"featured_media":849184,"comment_status":"","ping_status":"","sticky":false,"template":"","format":"standard","meta":{"footnotes":"","_share_on_mastodon":"0"},"categories":[1844],"tags":[1601,1634,3364,29,30,503,8903,682,1256,121,136634,143465],"class_list":["post-865774","post","type-post","status-publish","format-standard","has-post-thumbnail","category-karlsruhe","tag-amtsgericht","tag-baden-wuerttemberg","tag-de","tag-deutschland","tag-germany","tag-haftbefehl","tag-karlsruhe","tag-koerperverletzung","tag-kuenstliche-intelligenz","tag-polizei","tag-staatsanwaltschaft-karlsruhe","tag-stephanplatz"],"share_on_mastodon":{"url":"https:\/\/pubeurope.com\/@de\/116222829880451929","error":""},"_links":{"self":[{"href":"https:\/\/www.europesays.com\/de\/wp-json\/wp\/v2\/posts\/865774","targetHints":{"allow":["GET"]}}],"collection":[{"href":"https:\/\/www.europesays.com\/de\/wp-json\/wp\/v2\/posts"}],"about":[{"href":"https:\/\/www.europesays.com\/de\/wp-json\/wp\/v2\/types\/post"}],"author":[{"embeddable":true,"href":"https:\/\/www.europesays.com\/de\/wp-json\/wp\/v2\/users\/2"}],"replies":[{"embeddable":true,"href":"https:\/\/www.europesays.com\/de\/wp-json\/wp\/v2\/comments?post=865774"}],"version-history":[{"count":0,"href":"https:\/\/www.europesays.com\/de\/wp-json\/wp\/v2\/posts\/865774\/revisions"}],"wp:featuredmedia":[{"embeddable":true,"href":"https:\/\/www.europesays.com\/de\/wp-json\/wp\/v2\/media\/849184"}],"wp:attachment":[{"href":"https:\/\/www.europesays.com\/de\/wp-json\/wp\/v2\/media?parent=865774"}],"wp:term":[{"taxonomy":"category","embeddable":true,"href":"https:\/\/www.europesays.com\/de\/wp-json\/wp\/v2\/categories?post=865774"},{"taxonomy":"post_tag","embeddable":true,"href":"https:\/\/www.europesays.com\/de\/wp-json\/wp\/v2\/tags?post=865774"}],"curies":[{"name":"wp","href":"https:\/\/api.w.org\/{rel}","templated":true}]}}