{"id":865836,"date":"2026-03-13T17:08:18","date_gmt":"2026-03-13T17:08:18","guid":{"rendered":"https:\/\/www.europesays.com\/de\/865836\/"},"modified":"2026-03-13T17:08:18","modified_gmt":"2026-03-13T17:08:18","slug":"neuer-opernintendant-kreuzer-online","status":"publish","type":"post","link":"https:\/\/www.europesays.com\/de\/865836\/","title":{"rendered":"Neuer Opernintendant \u2014 kreuzer online"},"content":{"rendered":"<p>Kulturb\u00fcrgermeisterin Skadi Jennicke ist Kandidatin der Linken bei der OBM-Wahl im Februar 2027. Das hat ihre Partei am Abend des 12. M\u00e4rz entschieden. Nur ein paar Stunden zuvor konnte sie Vollzug melden: \u00bbDas Auswahlverfahren zur Neubesetzung der Intendanz der Oper Leipzig hat zu einem Ergebnis gef\u00fchrt\u00ab. Erst danach kommt die eigentliche Info: \u00bbAb Sommer 2028 soll Peter Heilker zum Intendanten und Operndirektor der Oper Leipzig berufen werden und die k\u00fcnstlerische Leitung \u00fcbernehmen.\u00ab<\/p>\n<p>Das Foto, das der Pressemitteilung zugef\u00fcgt ist, zeigt Heilker auf einem Flur \u2013 mit abgeschnittenen Beinen und viel Platz \u00fcber dem Kopf. Dasselbe Bild war schon im Magazin des Wiener B\u00fchnenverein abgedruckt, wurde also mindestens schon im April 2025 geschossen. Warum kein frisches Portr\u00e4tfoto f\u00fcr den k\u00fcnftigen Chef von rund 740 Angestellten? Hatte man keine Zeit daf\u00fcr? Und warum nennt die Pressemitteilung nicht den Zeitraum, f\u00fcr den Heilker als Intendant berufen werden soll? Normalerweise ist die Vertragsdauer ein Standard. Wurde hier \u00bbmit hei\u00dfer Nadel gestrickt\u00ab (damit die OBM werden wollenden Kulturb\u00fcrgermeisterin einen Erfolg vermelden kann)?<\/p>\n<p>Als die Stadt Leipzig die Suche nach einem neuen Intendanten f\u00fcr die Oper und die musikalische Kom\u00f6die startete, suchte man in der Ausschreibung \u00bbeine Pers\u00f6nlichkeit mit weitreichenden Erfahrungen \u2026 sowie internationaler Vernetzung\u00ab und malte das Bild einer Oper Leipzig unter den \u00bbf\u00fchrenden Opernh\u00e4usern\u00ab Deutschlands auf einem \u00bbexzellenten, k\u00fcnstlerischen Niveau.\u00ab Dieses Qualit\u00e4tsniveau gelte es auch in Zukunft zu erhalten und auszubauen. Inzwischen hei\u00dft es im Wirtschaftsplan der Oper kleinlaut: \u00bbDer Eigenbetrieb verf\u00fcgt perspektivisch sp\u00e4testens ab 2028 nicht mehr \u00fcber die notwendige Liquidit\u00e4t, um den geregelten Gesch\u00e4ftsbetrieb aufrechtzuerhalten.\u00ab<\/p>\n<p>Startet der neue Intendant also in einem ungeregelten Betrieb? Und wie f\u00e4nde die Oper in einen geregelten Betrieb zur\u00fcck? W\u00e4re das dann ein neuer? Das Theater an der Wien, wo Heilker jetzt arbeitet, ist ein \u00bbStagione-Haus\u00ab \u2013 grob gesagt folgt hier eine Produktion auf die andere. Das Haus stellt daf\u00fcr die Infrastruktur samt Technik bereit. Die Ensembles werden f\u00fcr die Produktionen jeweils neu zusammengestellt. Man arbeitet mit dem ORF Radio-Symphonieorchester Wien oder mit den Wiener Symphonikern. Als Chor kommt der Arnold-Schoenberg-Chor ins Spiel. Man kooperiert mit anderen H\u00e4usern von Rang und gewinnt auch mal einen sch\u00f6nen Preis, darf sich dann \u00bbOpernhaus des Jahres\u00ab nennen. Neben Intendant Stefan Herheim, einem renommierten Regisseur, ist Heilker hier sein Stellvertreter sowie Programm- und Castingdirektor.<\/p>\n<p>In Leipzig soll er nun Intendant und Operndirektor werden, was vom Aufgabenbereich dem Programm- und Castingdirektor nahekommt. Sind also schon Weichen Richtung Stagione gestellt? K\u00f6nnte in der Oper Leipzig k\u00fcnftig neben dem Gewandhausorchester auch ein MDR-Sinfonieorchester oder das Orchester der Musikalischen Kom\u00f6die spielen? Werden Opernchor und Ballett perspektivisch ausgegliedert? Wird das bestehende Solistenensemblepeu \u00e0 peuabgewickelt und f\u00fcr jede Produktion neu gecastet? Das Stagione-Prinzip wird einem Repertoire-Prinzip, dem die Oper derzeit folgt, gerne gegen\u00fcbergestellt. Stagione sei kosteng\u00fcnstiger, hei\u00dft es oft. Entscheidend ist: W\u00fcrde eine Stagione-Spielweise auch ausreichen, um das strukturelle Defizit der Oper Leipzig aufzul\u00f6sen, das daraus resultiert, dass Leipzigs Haushalt immer mehr Lasten schultern muss, ohne das Finanzmittel ad\u00e4quat gestiegen sind.<\/p>\n<p>Vielleicht w\u00e4re eine Stagione-Oper f\u00fcr die Musikstadt Leipzig eine gute L\u00f6sung, vielleicht sogar \u00fcberlebensnotwendig. Es w\u00e4re aber ein radikaler Bruch mit der bisherigen Struktur des Repertoire- und Ensembletheaters \u2013 allerdings auch nicht der erste in der Geschichte der Musikstadt Leipzig.<\/p>\n<p>Transparenz ist sch\u00f6n. Viele unbeantworteten Fragen stehen im Raum. Gilt ein Stagione-Prinzip auch f\u00fcr die Musikalische Kom\u00f6die und das Ballett? Welchen Kurs wird Lydia Schubert w\u00e4hrend ihrer Interimsintendanz von Sommer 2026 bis Sommer 28 steuern, denn das ist auch ein Resultat der Intendanzfindung: Sie wird ein Jahr l\u00e4nger am Ruder stehen.\u00a0<\/p>\n<p>Der Stadtrat soll Ende April die Personalie Heilker best\u00e4tigen.<\/p>\n<p><a href=\"https:\/\/www.europesays.com\/de\/wp-content\/uploads\/2026\/03\/21773409749683220-upload.jpg\" data-image-link=\"image\"><img decoding=\"async\" src=\"https:\/\/www.europesays.com\/de\/wp-content\/uploads\/2026\/03\/21773409749683220-upload.jpg\" alt=\"\" data-rotate=\"\" data-image-link=\"https:\/\/www.europesays.com\/de\/wp-content\/uploads\/2026\/03\/21773409749683220-upload.jpg\" data-proportion=\"true\" data-size=\"50%,\" data-align=\"none\" data-percentage=\"50,\" data-file-name=\"21773409749683220-upload.jpg\" data-file-size=\"0\" data-origin=\",\" origin-size=\"2000,3000\" style=\"width: 100%;\"\/><\/a><\/p>\n","protected":false},"excerpt":{"rendered":"Kulturb\u00fcrgermeisterin Skadi Jennicke ist Kandidatin der Linken bei der OBM-Wahl im Februar 2027. Das hat ihre Partei am&hellip;\n","protected":false},"author":2,"featured_media":865837,"comment_status":"","ping_status":"","sticky":false,"template":"","format":"standard","meta":{"footnotes":"","_share_on_mastodon":"0"},"categories":[1832],"tags":[3364,29,30,80,71,16,859,26667,8862],"class_list":["post-865836","post","type-post","status-publish","format-standard","has-post-thumbnail","category-leipzig","tag-de","tag-deutschland","tag-germany","tag-kultur","tag-leipzig","tag-politik","tag-sachsen","tag-stadtleben","tag-termine"],"share_on_mastodon":{"url":"https:\/\/pubeurope.com\/@de\/116222971583544949","error":""},"_links":{"self":[{"href":"https:\/\/www.europesays.com\/de\/wp-json\/wp\/v2\/posts\/865836","targetHints":{"allow":["GET"]}}],"collection":[{"href":"https:\/\/www.europesays.com\/de\/wp-json\/wp\/v2\/posts"}],"about":[{"href":"https:\/\/www.europesays.com\/de\/wp-json\/wp\/v2\/types\/post"}],"author":[{"embeddable":true,"href":"https:\/\/www.europesays.com\/de\/wp-json\/wp\/v2\/users\/2"}],"replies":[{"embeddable":true,"href":"https:\/\/www.europesays.com\/de\/wp-json\/wp\/v2\/comments?post=865836"}],"version-history":[{"count":0,"href":"https:\/\/www.europesays.com\/de\/wp-json\/wp\/v2\/posts\/865836\/revisions"}],"wp:featuredmedia":[{"embeddable":true,"href":"https:\/\/www.europesays.com\/de\/wp-json\/wp\/v2\/media\/865837"}],"wp:attachment":[{"href":"https:\/\/www.europesays.com\/de\/wp-json\/wp\/v2\/media?parent=865836"}],"wp:term":[{"taxonomy":"category","embeddable":true,"href":"https:\/\/www.europesays.com\/de\/wp-json\/wp\/v2\/categories?post=865836"},{"taxonomy":"post_tag","embeddable":true,"href":"https:\/\/www.europesays.com\/de\/wp-json\/wp\/v2\/tags?post=865836"}],"curies":[{"name":"wp","href":"https:\/\/api.w.org\/{rel}","templated":true}]}}