{"id":865990,"date":"2026-03-13T18:33:14","date_gmt":"2026-03-13T18:33:14","guid":{"rendered":"https:\/\/www.europesays.com\/de\/865990\/"},"modified":"2026-03-13T18:33:14","modified_gmt":"2026-03-13T18:33:14","slug":"sohn-gabriel-spielt-beim-vfb-stuttgart-2","status":"publish","type":"post","link":"https:\/\/www.europesays.com\/de\/865990\/","title":{"rendered":"Sohn Gabriel spielt beim VfB Stuttgart"},"content":{"rendered":"<p class=\"text-18 leading-17 user-text-lg:text-22 user-text-xl:text-24\">Einen leichten D\u00e4mpfer musste Gabriel Zarrella zu Beginn der Saison 2025\/26 verkraften, da er wegen einer Knieverletzung gleich elf Spiele verpasste. Zum Jahresende kam er zur\u00fcck ins Team und wusste direkt zu \u00fcberzeugen. Der Lohn daf\u00fcr: Im Januar 2026 verl\u00e4ngerte Zarrella seinen Vertrag bei den Stuttgartern \u00fcber das Saisonende hinaus bis zum Sommer 2028. Vor der Verl\u00e4ngerung gab es Ger\u00fcchte, dass <a class=\"transition-colors duration-200 cursor-pointer text-inherit no-underline text-salemsfur md:hover:text-magenta md:hover:border-magenta md:focus:text-magenta border-current border-b border-solid break-words\" data-tracking=\"{&quot;action&quot;:&quot;click&quot;,&quot;category&quot;:&quot;intextLink&quot;,&quot;label&quot;:&quot;\/themen\/borussia-moenchengladbach\/&quot;}\" href=\"https:\/\/www.t-online.de\/themen\/borussia-moenchengladbach\/\" data-sctrack=\"BodyAnchor\" rel=\"nofollow noopener\" target=\"_blank\">Borussia M\u00f6nchengladbach<\/a> und Zweitligist Greuther F\u00fcrth auf das Talent aufmerksam geworden seien. Diesem Interesse schob der VfB mit dem neuen Vertrag einen Riegel vor \u2013 in Schwaben baut man l\u00e4ngerfristig auf Zarrella.<\/p>\n<p class=\"text-18 leading-17 user-text-lg:text-22 user-text-xl:text-24\">&#8222;Er ist ein physisch starker Spieler mit sehr guten technischen Anlagen und einem ausgezeichneten Spielverst\u00e4ndnis. Wir glauben an die Perspektive Gabriels beim VfB \u00fcber die U19 hinaus und freuen uns, dass er bei uns ist&#8220;, verk\u00fcndete Stephan Hildebrandt, der Direktor des VfB-Nachwuchsleistungszentrums, in einem Statement auf der Klub-Homepage. Ob das Talent des 1,90 Meter gro\u00dfen Defensivspezialisten zum Fu\u00dfballprofi reicht, wird die Zeit zeigen. Einen wichtigen Schritt auf dem Weg hat Zarrella junior bereits getan.<\/p>\n","protected":false},"excerpt":{"rendered":"Einen leichten D\u00e4mpfer musste Gabriel Zarrella zu Beginn der Saison 2025\/26 verkraften, da er wegen einer Knieverletzung gleich&hellip;\n","protected":false},"author":2,"featured_media":22700,"comment_status":"","ping_status":"","sticky":false,"template":"","format":"standard","meta":{"footnotes":"","_share_on_mastodon":"0"},"categories":[1830],"tags":[522,7049,1634,5697,13723,129,3364,29,13721,30,13720,355,13722,1420,276,100521,1441,2915,6921,1448],"class_list":["post-865990","post","type-post","status-publish","format-standard","has-post-thumbnail","category-stuttgart","tag-522","tag-as-rom","tag-baden-wuerttemberg","tag-brasilien","tag-castingshow","tag-ddr","tag-de","tag-deutschland","tag-gabriel-zarrella","tag-germany","tag-giovanni-zarrella","tag-italien","tag-jana-ina","tag-koeln","tag-leroy-sane","tag-robert-andrich","tag-stuttgart","tag-vfb-stuttgart","tag-viktoria-koeln","tag-zdf"],"share_on_mastodon":{"url":"https:\/\/pubeurope.com\/@de\/116223306141416982","error":""},"_links":{"self":[{"href":"https:\/\/www.europesays.com\/de\/wp-json\/wp\/v2\/posts\/865990","targetHints":{"allow":["GET"]}}],"collection":[{"href":"https:\/\/www.europesays.com\/de\/wp-json\/wp\/v2\/posts"}],"about":[{"href":"https:\/\/www.europesays.com\/de\/wp-json\/wp\/v2\/types\/post"}],"author":[{"embeddable":true,"href":"https:\/\/www.europesays.com\/de\/wp-json\/wp\/v2\/users\/2"}],"replies":[{"embeddable":true,"href":"https:\/\/www.europesays.com\/de\/wp-json\/wp\/v2\/comments?post=865990"}],"version-history":[{"count":0,"href":"https:\/\/www.europesays.com\/de\/wp-json\/wp\/v2\/posts\/865990\/revisions"}],"wp:featuredmedia":[{"embeddable":true,"href":"https:\/\/www.europesays.com\/de\/wp-json\/wp\/v2\/media\/22700"}],"wp:attachment":[{"href":"https:\/\/www.europesays.com\/de\/wp-json\/wp\/v2\/media?parent=865990"}],"wp:term":[{"taxonomy":"category","embeddable":true,"href":"https:\/\/www.europesays.com\/de\/wp-json\/wp\/v2\/categories?post=865990"},{"taxonomy":"post_tag","embeddable":true,"href":"https:\/\/www.europesays.com\/de\/wp-json\/wp\/v2\/tags?post=865990"}],"curies":[{"name":"wp","href":"https:\/\/api.w.org\/{rel}","templated":true}]}}