{"id":865998,"date":"2026-03-13T18:38:12","date_gmt":"2026-03-13T18:38:12","guid":{"rendered":"https:\/\/www.europesays.com\/de\/865998\/"},"modified":"2026-03-13T18:38:12","modified_gmt":"2026-03-13T18:38:12","slug":"countdown-fuer-die-rakete-aus-muenchen","status":"publish","type":"post","link":"https:\/\/www.europesays.com\/de\/865998\/","title":{"rendered":"Countdown f\u00fcr die Rakete aus M\u00fcnchen"},"content":{"rendered":"<p class=\"mb-6 text-xs md:text-m lg:text-l font-serif group-[.font-sans]:font-sans \">\n    Es wird ernst f\u00fcr die M\u00fcnchner Raketenbauer. In wenigen Tagen soll ihre Rakete aus der Arktis in den Orbit steigen und f\u00fcnf Satelliten ins All schie\u00dfen. Gelingt die Mission am n\u00e4chsten Donnerstag im \u00e4u\u00dfersten Norden Norwegens, w\u00e4re Isar Aerospace besser als die gro\u00dfe Konkurrenz von SpaceX. Das Unternehmen von Elon Musk musste mehrere Fehlschl\u00e4ge und Abst\u00fcrze einstecken, bis die erste Rakete den Kosmos erreichte.\n  <\/p>\n<p class=\"mb-6 text-xs md:text-m lg:text-l font-serif group-[.font-sans]:font-sans \">\n    Die Erwartungen sind gro\u00df. \u201eDas ist die Stunde Europas\u201c, sagte Bundeskanzler Friedrich Merz, als er am Freitag die Startrampe <a href=\"https:\/\/www.augsburger-allgemeine.de\/politik\/kanzler-merz-in-norwegen-ein-besuch-bei-freunden-die-immer-wichtiger-werden-113718129\" target=\"_self\" class=\"underline \" rel=\"nofollow noopener\">auf der Insel And\u00f8ya besuchte.<\/a> \u201eWir brauchen Kapazit\u00e4ten, wir brauchen Unabh\u00e4ngigkeit\u201c, betonte der CDU-Chef.\n  <\/p>\n<p>            Isar Aerospace bringt den bairischen\u00a0Dialekt in die Polarzone<\/p>\n<p class=\"mb-6 text-xs md:text-m lg:text-l font-serif group-[.font-sans]:font-sans \">\n    Isar-Aerospace-Mitgr\u00fcnder Josef Fleischmann wollte sich davon nicht kirre machen lassen. \u201eIch bin ganz entspannt\u201c, meinte der Raumfahrtingenieur. Vor einem Jahr ist seine Rakete nach 30 Sekunden explodiert. Schon als kleiner Junge tr\u00e4umte er vom Flug zu den Sternen.\n  <\/p>\n<p class=\"mb-6 text-xs md:text-m lg:text-l font-serif group-[.font-sans]:font-sans \">\n    Dieses Mal soll die Spectrum ihr Ziel in einigen hundert Kilometern H\u00f6he erreichen. \u201eIch bin sicher, es wird klappen\u201c, sagte Fleischmann. N\u00f6rdlich des Polarkreises ist Bairisch nur selten zu h\u00f6ren, Fleischmann bringt es mit. Der Schub seiner Rakete wird enorm sein. Die Brennkammer wird sie auf neun Kilometer pro Sekunde beschleunigen. Umgerechnet ist das eine Geschwindigkeit von \u00fcber 30.000 Kilometern pro Stunde.\n  <\/p>\n<p class=\"mb-6 text-xs md:text-m lg:text-l font-serif group-[.font-sans]:font-sans \">\n    Das Startfeld liegt auf einer kleinen Landzunge auf der Insel. Ausnahmsweise ist hier Campen verboten, was in Norwegen ein Jedermannsrecht ist. Es hat etwas von einer Agentenserie, als der Bundeskanzler und der norwegische Ministerpr\u00e4sident Jonas Gahr St\u00f8re in ihrer Kolonne mit schwarzen Jeeps und Bussen vorfahren. Polizei und Milit\u00e4r \u00fcbernehmen den Schutz.\n  <\/p>\n<p>            Von den 500 Mitarbeitern von Isar Aerospace sind 25 in Norwegen abgestellt<\/p>\n<p class=\"mb-6 text-xs md:text-m lg:text-l font-serif group-[.font-sans]:font-sans \">\n    Auf einer Betonplattform stehen gro\u00dfe Tanks mit Propan und Sauerstoff. Sie bilden das Treibstoffgemisch der Rakete. Wenn es n\u00e4chsten Donnerstag nicht st\u00fcrmt, wird die Spectrum Richtung Nordatlantik abheben. Die herabfallenden Teile k\u00f6nnen dort keine Menschen treffen. Die Rakete kommt in Einzelteilen aus <a href=\"https:\/\/www.augsburger-allgemeine.de\/orte\/aa-muenchen\" target=\"_self\" class=\"underline \" rel=\"nofollow noopener\">M\u00fcnchen<\/a> an das Ende Europas. In einer kleinen grauen Fabrikhalle wird sie montiert. Von den 500 Mitarbeitern von Isar Aerospace sind 25 in Norwegen abgestellt.\n  <\/p>\n<p class=\"mb-6 text-xs md:text-m lg:text-l font-serif group-[.font-sans]:font-sans \">\n    Ganz in der N\u00e4he liegt die Ortschaft Andenes mit 4000 Einwohnern. Die norwegische Armee baut hier eine Luftwaffenbasis wieder auf, die nach dem Ende des Kalten Krieges geschlossen wurde. Danach fiel das Dorf in einen D\u00e4mmerschlaf. Jetzt wird es wieder geweckt. H\u00e4user werden renoviert, Hotels und Kneipen haben aufgemacht.\n  <\/p>\n<p class=\"mb-6 text-xs md:text-m lg:text-l font-serif group-[.font-sans]:font-sans \">\n    Von der Basis hat das norwegische Milit\u00e4r einst die sowjetischen U-Boote beobachtet, die in den Nordatlantik fuhren. Heute ist das wieder notwendig. Die russischen Geheimdienste interessieren sich auch f\u00fcr die M\u00fcnchner Raketen und setzen ihre Computerspitzel darauf an. \u201eEs gab Versuche\u201c, sagte Josef Fleischmann. Die Satelliten, die er in den Weltraum transportieren will, k\u00f6nnten der Forschung, den Kommunikationsnetzen oder der milit\u00e4rischen Aufkl\u00e4rung dienen. Unternehmen, Forschungseinrichtungen oder Armeen sollen zuk\u00fcnftig seine Raketen buchen. Gelingt das, ist Isar Aerospace einen erheblichen Schritt weiter.\n  <\/p>\n<p class=\"mb-6 text-xs md:text-m lg:text-l font-serif group-[.font-sans]:font-sans \">\n    Bundesforschungsministerin Doro B\u00e4r, die den Kanzler nach Norwegen begleitete, sieht erhebliche Fortschritte in der deutschen Raketenentwicklung, selbst wenn auch Versuch Nummer 2 vergl\u00fchen sollte. \u201eEs ist wichtig, dass wir mit jedem Start immer mehr Erfahrungen sammeln. Auch bei SpaceX von Elon Musk hat es beim ersten Anlauf nicht geklappt\u201c, sagte sie. Die Kooperation mit Norwegen soll vertieft werden. Bis zu 30 Starts pro Jahr sind m\u00f6glich.\n  <\/p>\n<ul data-module-id=\"DragDropModule\" class=\"flex flex-wrap justify-start group-[.no-bookmarks]:hidden\">\n<li class=\"mb-3 mr-3\">\n    Christian Grimm<\/p>\n<p>      Icon Haken im Kreis gesetzt<\/p>\n<p>      Icon Plus im Kreis<\/p>\n<\/li>\n<li class=\"mb-3 mr-3\">\n    Norwegen<\/p>\n<p>      Icon Haken im Kreis gesetzt<\/p>\n<p>      Icon Plus im Kreis<\/p>\n<\/li>\n<li class=\"mb-3 mr-3\">\n    Isar Aerospace<\/p>\n<p>      Icon Haken im Kreis gesetzt<\/p>\n<p>      Icon Plus im Kreis<\/p>\n<\/li>\n<\/ul>\n","protected":false},"excerpt":{"rendered":"Es wird ernst f\u00fcr die M\u00fcnchner Raketenbauer. In wenigen Tagen soll ihre Rakete aus der Arktis in den&hellip;\n","protected":false},"author":2,"featured_media":865999,"comment_status":"","ping_status":"","sticky":false,"template":"","format":"standard","meta":{"footnotes":"","_share_on_mastodon":"0"},"categories":[1827],"tags":[772,52862,29,444,663,775,30,3366,1169,191808,1268,913,5870],"class_list":["post-865998","post","type-post","status-publish","format-standard","has-post-thumbnail","category-muenchen","tag-bayern","tag-countdown","tag-deutschland","tag-elon-musk","tag-europa","tag-friedrich-merz","tag-germany","tag-isar","tag-isar-aerospace","tag-josef-fleischmann","tag-muenchen","tag-norwegen","tag-spacex"],"share_on_mastodon":{"url":"https:\/\/pubeurope.com\/@de\/116223325441145245","error":""},"_links":{"self":[{"href":"https:\/\/www.europesays.com\/de\/wp-json\/wp\/v2\/posts\/865998","targetHints":{"allow":["GET"]}}],"collection":[{"href":"https:\/\/www.europesays.com\/de\/wp-json\/wp\/v2\/posts"}],"about":[{"href":"https:\/\/www.europesays.com\/de\/wp-json\/wp\/v2\/types\/post"}],"author":[{"embeddable":true,"href":"https:\/\/www.europesays.com\/de\/wp-json\/wp\/v2\/users\/2"}],"replies":[{"embeddable":true,"href":"https:\/\/www.europesays.com\/de\/wp-json\/wp\/v2\/comments?post=865998"}],"version-history":[{"count":0,"href":"https:\/\/www.europesays.com\/de\/wp-json\/wp\/v2\/posts\/865998\/revisions"}],"wp:featuredmedia":[{"embeddable":true,"href":"https:\/\/www.europesays.com\/de\/wp-json\/wp\/v2\/media\/865999"}],"wp:attachment":[{"href":"https:\/\/www.europesays.com\/de\/wp-json\/wp\/v2\/media?parent=865998"}],"wp:term":[{"taxonomy":"category","embeddable":true,"href":"https:\/\/www.europesays.com\/de\/wp-json\/wp\/v2\/categories?post=865998"},{"taxonomy":"post_tag","embeddable":true,"href":"https:\/\/www.europesays.com\/de\/wp-json\/wp\/v2\/tags?post=865998"}],"curies":[{"name":"wp","href":"https:\/\/api.w.org\/{rel}","templated":true}]}}