{"id":866331,"date":"2026-03-13T21:41:28","date_gmt":"2026-03-13T21:41:28","guid":{"rendered":"https:\/\/www.europesays.com\/de\/866331\/"},"modified":"2026-03-13T21:41:28","modified_gmt":"2026-03-13T21:41:28","slug":"konzernkreise-bahn-macht-wegen-fernverkehr-verlust-von-23-mrd-euro-geld","status":"publish","type":"post","link":"https:\/\/www.europesays.com\/de\/866331\/","title":{"rendered":"Konzernkreise: Bahn macht wegen Fernverkehr Verlust von 2,3 Mrd Euro | Geld"},"content":{"rendered":"<p><a class=\"skip-content skip-content--link\" href=\"#in-content-skip-link-target-v-0-0\">TTS-Player \u00fcberspringen\u21b5<\/a><a id=\"in-content-skip-link-target-v-0-0\" class=\"skip-content--target-link-hidden skip-content skip-content--target-link\" href=\"#in-content-skip-link-target-v-0-0\">Artikel weiterlesen<\/a><\/p>\n<p>Berlin \u2013 \u2060<b>Der kriselnde Fernverkehr der Deutschen Bahn hat dem Konzern im vergangenen Jahr einen Milliardenverlust \u2060eingebracht. Die andauernde Unp\u00fcnktlichkeit von ICE und IC \u200cinfolge vor \u200ballem der Streckensanierungen \u200ch\u00e4tte zu einer Abschreibung \u200bvon 1,4 Milliarden Euro auf den Wert der Sparte gezwungen, \u200bsagten mit den Zahlen vertraute Personen der Nachrichtenagentur Reuters. Unterm Strich \u200bliegt das Minus f\u00fcr 2025 so bei \u200cinsgesamt 2,3 Milliarden Euro. Im Vorjahr war die Bahn mit knapp 1,8 Mrd. Euro in den roten Zahlen. <\/b><\/p>\n<p>Dabei konnte die <a href=\"https:\/\/www.bild.de\/news\/inland\/deutsche-bahn-ag\/thema-deutsche-bahn-ag-alle-infos-G2swWR48FxDiFmY2B35c\" class=\"text-link\" rel=\"nofollow noopener\" target=\"_blank\">Bahn<\/a> 2025 im operativen Gesch\u00e4ft, \u2060dem Ergebnis vor Zinsen und Steuern sowie Sondereffekten (Ebit), mit \u200ceinem Plus von 300 Millionen Euro sogar besser abschneiden \u200cals zuletzt erwartet. Nach Planungen von Ende \u200cdes vergangenen Jahres war \u2060nur \u2060mit einer leicht schwarzen Zahl gerechnet worden. Die \u200cErgebniszahlen beziehen sich \u200bauf die fortgef\u00fchrten Gesch\u00e4ftsbereiche nach dem Verkauf der Logistik-Sparte \u200bSchenker. <\/p>\n<p><img decoding=\"async\" width=\"992\" height=\"558\" alt=\"Keine guten Nachrichten f\u00fcr Konzernchefin Evelyn Palla (53)\" src=\"https:\/\/www.europesays.com\/de\/wp-content\/uploads\/2026\/03\/378b6e8b3d5c918306147c297b607dda,a4ba21a7.jpeg\"   class=\"landscape\" loading=\"lazy\"\/><\/p>\n<p class=\"fig__caption__text\">Keine guten Nachrichten f\u00fcr Konzernchefin Evelyn Palla (53)<\/p>\n<p>Foto: Bernd von Jutrczenka\/dpa<\/p>\n<p>Die Bahn k\u00e4mpft seit Jahren mit einer st\u00f6ranf\u00e4lligen Infrastruktur. Bund und Bahn wollen daher bis 2036 mehr als 40 vielbefahrene Strecken grundlegend sanieren, um das Netz nach und nach zu ert\u00fcchtigen. Die Abschnitte werden in der Regel \u00fcber Monate voll gesperrt. <\/p>\n<p>Palla will Bahnfahren wieder attraktiv machen<\/p>\n<p>Zur Finanzierung sollen Mittel aus dem schuldenfinanzierten Sonderverm\u00f6gen des Bundes f\u00fcr Infrastruktur flie\u00dfen. In diesem Jahr will die Bahn mehr als 23 Milliarden Euro verbauen. Nach rund 26.000 Baustellen 2025 werden es in diesem Jahr voraussichtlich 28.000 sein. <\/p>\n<p>Mehr zum Thema<\/p>\n<p>Doch Zugausf\u00e4lle, geplatzte Umsteige-Anschl\u00fcsse oder defekte ICE-Toiletten dr\u00fccken zus\u00e4tzlich aufs Image. Konzernchefin Evelyn Palla (53) hat es sich deshalb zur Aufgabe gemacht, Fahrg\u00e4sten die Freude am Bahnfahren wieder zur\u00fcckzubringen. \u201eEisenbahn ist Mobilit\u00e4t, Freiheit, auch ein Lebensgef\u00fchl\u201c, sagte sie. Im Zug aus dem Fenster zu gucken oder zu lesen, sei sch\u00f6n und entspannend. \u201eGenau deswegen m\u00fcssen wir etwas ver\u00e4ndern, weil die Menschen den Reiz der Eisenbahn oft vergessen haben.\u201c<\/p>\n<p>Eine \u200bBahn-Sprecherin wollte sich nicht zu den aktuellen Zahlen \u00e4u\u00dfern und verwies \u2060auf die Bilanzpressekonferenz am 27. M\u00e4rz.<\/p>\n","protected":false},"excerpt":{"rendered":"TTS-Player \u00fcberspringen\u21b5Artikel weiterlesen Berlin \u2013 \u2060Der kriselnde Fernverkehr der Deutschen Bahn hat dem Konzern im vergangenen Jahr einen&hellip;\n","protected":false},"author":2,"featured_media":866332,"comment_status":"","ping_status":"","sticky":false,"template":"","format":"standard","meta":{"footnotes":"","_share_on_mastodon":"0"},"categories":[134],"tags":[1737,175,170,169,1738,2030,9457,29,4031,1736,30,15024,171,174,138370,45,173,172,601,1031],"class_list":["post-866331","post","type-post","status-publish","format-standard","has-post-thumbnail","category-unternehmen-maerkte","tag-breaking-news","tag-business","tag-companies","tag-companies-markets","tag-desk-delta","tag-deutsche-bahn","tag-deutsche-bahn-ag","tag-deutschland","tag-eisenbahn","tag-fb-instantarticles","tag-germany","tag-lokfuehrer","tag-markets","tag-maerkte","tag-team-first","tag-texttospeech","tag-unternehmen","tag-unternehmen-maerkte","tag-verkehr","tag-vorstand"],"share_on_mastodon":{"url":"https:\/\/pubeurope.com\/@de\/116224045093185444","error":""},"_links":{"self":[{"href":"https:\/\/www.europesays.com\/de\/wp-json\/wp\/v2\/posts\/866331","targetHints":{"allow":["GET"]}}],"collection":[{"href":"https:\/\/www.europesays.com\/de\/wp-json\/wp\/v2\/posts"}],"about":[{"href":"https:\/\/www.europesays.com\/de\/wp-json\/wp\/v2\/types\/post"}],"author":[{"embeddable":true,"href":"https:\/\/www.europesays.com\/de\/wp-json\/wp\/v2\/users\/2"}],"replies":[{"embeddable":true,"href":"https:\/\/www.europesays.com\/de\/wp-json\/wp\/v2\/comments?post=866331"}],"version-history":[{"count":0,"href":"https:\/\/www.europesays.com\/de\/wp-json\/wp\/v2\/posts\/866331\/revisions"}],"wp:featuredmedia":[{"embeddable":true,"href":"https:\/\/www.europesays.com\/de\/wp-json\/wp\/v2\/media\/866332"}],"wp:attachment":[{"href":"https:\/\/www.europesays.com\/de\/wp-json\/wp\/v2\/media?parent=866331"}],"wp:term":[{"taxonomy":"category","embeddable":true,"href":"https:\/\/www.europesays.com\/de\/wp-json\/wp\/v2\/categories?post=866331"},{"taxonomy":"post_tag","embeddable":true,"href":"https:\/\/www.europesays.com\/de\/wp-json\/wp\/v2\/tags?post=866331"}],"curies":[{"name":"wp","href":"https:\/\/api.w.org\/{rel}","templated":true}]}}