{"id":866457,"date":"2026-03-13T22:50:17","date_gmt":"2026-03-13T22:50:17","guid":{"rendered":"https:\/\/www.europesays.com\/de\/866457\/"},"modified":"2026-03-13T22:50:17","modified_gmt":"2026-03-13T22:50:17","slug":"deutsche-eishockey-liga-eisbaeren-berlin-gewinnen-mit-42-gegen-mannheim-sport","status":"publish","type":"post","link":"https:\/\/www.europesays.com\/de\/866457\/","title":{"rendered":"Deutsche Eishockey Liga &#8211; Eisb\u00e4ren Berlin gewinnen mit 4:2 gegen Mannheim &#8211; Sport"},"content":{"rendered":"<p data-manual=\"paragraph\" data-schema-org-speakable=\"true\" class=\"css-1eosz7k\"><a href=\"https:\/\/www.sueddeutsche.de\/thema\/Berlin\" rel=\"nofollow noopener\" target=\"_blank\">Berlin<\/a> (dpa\/bb) &#8211; \u00a0Die <a href=\"https:\/\/www.sueddeutsche.de\/thema\/Eisb%C3%A4ren\" rel=\"nofollow noopener\" target=\"_blank\">Eisb\u00e4ren<\/a> Berlin haben am vorletzten Hauptrundenspieltag der Deutschen <a href=\"https:\/\/www.sueddeutsche.de\/thema\/Eishockey\" rel=\"nofollow noopener\" target=\"_blank\">Eishockey<\/a> Liga (<a href=\"https:\/\/www.sueddeutsche.de\/thema\/DEL\" rel=\"nofollow noopener\" target=\"_blank\">DEL<\/a>) den sechsten Tabellenplatz verteidigt. Der deutsche Meister gewann gegen die Adler Mannheim mit 4:2 (1:2, 2:0, 1:0).Kai Wissmann, Yannick Veilleux, Lester Lancaster und Marcel Noebels sorgten mit ihren Toren f\u00fcr den verdienten Erfolg der Hauptst\u00e4dter.<\/p>\n<p data-manual=\"paragraph\" data-schema-org-speakable=\"true\" class=\"css-1eosz7k\">Die 14.200 Zuschauer in der ausverkauften Arena am Ostbahnhof sahen von Beginn an ein schnelles, intensives Spiel mit Torchancen auf beiden Seiten. Wissmann traf in der siebten Minute nach energischer Vorarbeit von Eric H\u00f6rdler f\u00fcr die Hausherren, doch die G\u00e4ste drehten das Ergebnis durch Tore von Justin Sch\u00fctz (9.) und Marc Michaelis (15.) zu ihren Gunsten.<\/p>\n<p>Die Berliner steigern sich im zweiten Drittel<\/p>\n<p data-manual=\"paragraph\" data-schema-org-speakable=\"true\" class=\"css-1eosz7k\">Nach der ersten Pause erh\u00f6hten die Berliner den Druck, Veilleux traf zum Ausgleich (24.). In der nun zeitweise hitzigen Begegnung sorgte Lancaster mit einem \u00dcberzahltor f\u00fcr die erneute F\u00fchrung der Hauptst\u00e4dter (38.).<\/p>\n<p data-manual=\"paragraph\" data-schema-org-speakable=\"true\" class=\"css-1eosz7k\">Im Schlussabschnitt dr\u00e4ngten die G\u00e4ste auf den Ausgleich, doch auch die Hausherren wurden immer wieder gef\u00e4hrlich. Noebels sorgte f\u00fcr die Entscheidung zugunsten der Eisb\u00e4ren, nachdem der Mannheimer Goalie Maximilian Franzreb f\u00fcr einen zus\u00e4tzlichen Feldspieler vom Eis gegangen war (58.).<\/p>\n<p data-manual=\"paragraph\" data-schema-org-speakable=\"true\" class=\"css-1eosz7k\">\u00a9 dpa-infocom, dpa:260313-930-814458\/1<\/p>\n","protected":false},"excerpt":{"rendered":"Berlin (dpa\/bb) &#8211; \u00a0Die Eisb\u00e4ren Berlin haben am vorletzten Hauptrundenspieltag der Deutschen Eishockey Liga (DEL) den sechsten Tabellenplatz&hellip;\n","protected":false},"author":2,"featured_media":866458,"comment_status":"","ping_status":"","sticky":false,"template":"","format":"standard","meta":{"footnotes":"","_share_on_mastodon":"0"},"categories":[1825],"tags":[296,2097,29,2603,2100,30,265,149,1886,2247],"class_list":["post-866457","post","type-post","status-publish","format-standard","has-post-thumbnail","category-berlin","tag-berlin","tag-del","tag-deutschland","tag-eisbaeren","tag-eishockey","tag-germany","tag-sport","tag-sueddeutsche-zeitung","tag-tiere","tag-uber-arena"],"share_on_mastodon":{"url":"https:\/\/pubeurope.com\/@de\/116224316355865835","error":""},"_links":{"self":[{"href":"https:\/\/www.europesays.com\/de\/wp-json\/wp\/v2\/posts\/866457","targetHints":{"allow":["GET"]}}],"collection":[{"href":"https:\/\/www.europesays.com\/de\/wp-json\/wp\/v2\/posts"}],"about":[{"href":"https:\/\/www.europesays.com\/de\/wp-json\/wp\/v2\/types\/post"}],"author":[{"embeddable":true,"href":"https:\/\/www.europesays.com\/de\/wp-json\/wp\/v2\/users\/2"}],"replies":[{"embeddable":true,"href":"https:\/\/www.europesays.com\/de\/wp-json\/wp\/v2\/comments?post=866457"}],"version-history":[{"count":0,"href":"https:\/\/www.europesays.com\/de\/wp-json\/wp\/v2\/posts\/866457\/revisions"}],"wp:featuredmedia":[{"embeddable":true,"href":"https:\/\/www.europesays.com\/de\/wp-json\/wp\/v2\/media\/866458"}],"wp:attachment":[{"href":"https:\/\/www.europesays.com\/de\/wp-json\/wp\/v2\/media?parent=866457"}],"wp:term":[{"taxonomy":"category","embeddable":true,"href":"https:\/\/www.europesays.com\/de\/wp-json\/wp\/v2\/categories?post=866457"},{"taxonomy":"post_tag","embeddable":true,"href":"https:\/\/www.europesays.com\/de\/wp-json\/wp\/v2\/tags?post=866457"}],"curies":[{"name":"wp","href":"https:\/\/api.w.org\/{rel}","templated":true}]}}