{"id":86666,"date":"2025-05-05T15:40:12","date_gmt":"2025-05-05T15:40:12","guid":{"rendered":"https:\/\/www.europesays.com\/de\/86666\/"},"modified":"2025-05-05T15:40:12","modified_gmt":"2025-05-05T15:40:12","slug":"gefaengniswaerter-wegen-misshandlung-von-haeftling-verurteilt","status":"publish","type":"post","link":"https:\/\/www.europesays.com\/de\/86666\/","title":{"rendered":"Gef\u00e4ngnisw\u00e4rter wegen Misshandlung von H\u00e4ftling verurteilt"},"content":{"rendered":"<p>H\u00e4ftling wurde verpr\u00fcgelt <\/p>\n<p>Gef\u00e4ngnisw\u00e4rter wegen Misshandlung verurteilt<\/p>\n<p>Aktualisiert am 05.05.2025 &#8211; 17:20 UhrLesedauer: 2 Min.<\/p>\n<p><a href=\"#focus-0\" class=\"transition-colors duration-200 focus-within:text-magenta block text-current relative\" data-sctrack=\"FocusGalleryImage.Reference\"><img fetchpriority=\"high\" data-testid=\"Opener.Image\" style=\"--lqipURL:url('https:\/\/images.t-online.de\/2025\/05\/G2FfGOVKl1WO\/0x169:2048x1152\/fit-in\/150x0\/filters:blur(25)\/die-gefaengniswaerter-wurden-wegen-gewalt-gegen-haeftlinge-verurteilt-symbolbild.jpg')\"   loading=\"eager\" src=\"https:\/\/www.europesays.com\/de\/wp-content\/uploads\/2025\/05\/die-gefaengniswaerter-wurden-wegen-gewalt-gegen-haeftlinge-verurteilt-symbolbild.jpg\" alt=\"Landgericht D\u00fcsseldorf\" title=\"Landgericht D\u00fcsseldorf\" width=\"2048\" height=\"1152\" class=\"bg-[url:var(--lqipURL)] bg-cover bg-center flex w-full max-w-full h-full\" decoding=\"async\"\/><img style=\"--width:32;--height:32\" loading=\"lazy\" src=\"https:\/\/www.europesays.com\/de\/wp-content\/uploads\/2025\/03\/zoom-in.f7dae02f.svg.svg+xml\" alt=\"Vergr\u00f6\u00dfern des Bildes\" title=\"Vergr\u00f6\u00dfern des Bildes\" class=\"&#10;        block&#10;        h-[calc(var(--height)_\/_16_*_1rem)]&#10;        w-[calc(var(--width)_\/_16_*_1rem)]&#10;        max-w-none&#10;        absolute bottom-8 right-8 rounded-4 bg-snow p-8\" decoding=\"async\"\/><\/a><\/p>\n<p>Das Gericht in D\u00fcsseldorf (Symbolbild): Zwei Gef\u00e4ngnisw\u00e4rter aus D\u00fcsseldorf erhielten Geldstrafen. (Quelle: Martin Gerten\/dpa\/dpa-bilder)<\/p>\n<p class=\"font-bold text-18 leading-17\">F\u00fcr einen Gewaltexzess im D\u00fcsseldorfer Gef\u00e4ngnis werden zwei W\u00e4rter verurteilt. In zweiter Instanz erh\u00f6ht das Landgericht sogar die Strafen.<\/p>\n<p class=\"text-18 leading-17\">Zwei Gef\u00e4ngnisw\u00e4rter sind wegen gef\u00e4hrlicher K\u00f6rperverletzung im Amt verurteilt worden, weil sie einen psychisch kranken Gefangenen geschlagen und getreten haben. Das Landgericht <a class=\"transition-colors duration-200 cursor-pointer text-inherit no-underline text-salemsfur md:hover:text-magenta md:hover:border-magenta md:focus:text-magenta border-current border-b border-solid break-words\" href=\"https:\/\/www.t-online.de\/region\/duesseldorf\/\" data-sctrack=\"BodyAnchor\" target=\"_blank\" rel=\"noopener\">D\u00fcsseldorf<\/a> best\u00e4tigte in zweiter Instanz die Schuldspr\u00fcche der Vorinstanz und erh\u00f6hte die Geldstrafen deutlich.<\/p>\n<p class=\"text-18 leading-17\">Die 51 und 52 Jahre alten Justizvollzugsbeamten m\u00fcssen nun 6.300 und 7.500 Euro Strafe zahlen. Zudem m\u00fcssen sie dem zur Tatzeit 29 Jahre alten H\u00e4ftling 600 Euro Schmerzensgeld \u00fcberweisen.<\/p>\n<p class=\"text-18 leading-17\">Der Vorfall liegt fast f\u00fcnf Jahre zur\u00fcck. Die W\u00e4rter der JVA D\u00fcsseldorf schlugen und traten laut Urteil auf den H\u00e4ftling ein. Daf\u00fcr, so die Vorsitzende Richterin, habe es keinen Grund gegeben. &#8222;Der H\u00e4ftling hat keine Gegenwehr mehr geleistet.&#8220; Vielmehr hatte er nach anf\u00e4nglichem Widerstand zusammengekr\u00fcmmt auf dem Boden gelegen.<\/p>\n<p class=\"text-18 leading-17\">Die beiden Angeklagten sind seit dem Vorfall vor f\u00fcnf Jahren bei erheblich gek\u00fcrzten Bez\u00fcgen vom Dienst suspendiert. Im Gegensatz zur ersten Instanz brachen sie in der Berufung ihr Schweigen und beschuldigten den Kollegen, der den Vorfall ans Licht gebracht hatte.<\/p>\n<p class=\"text-18 leading-17\">Der H\u00e4ftling war am 6. Juni 2020 in einer video\u00fcberwachten Zelle untergebracht. Weil er die dortige Kamera verdeckt hatte, waren sechs Justizvollzugsbeamte in die Zelle gegangen, um ihn unter einer Matratze hervorzuholen und die Videokamera wieder freizumachen.<\/p>\n<p class=\"text-18 leading-17\">Dabei war die Situation eskaliert. Der 51-j\u00e4hrige Vollzugsbeamte habe dem H\u00e4ftling mehrfach in den Bauch getreten und der 52-J\u00e4hrige ihm mehrfach mit der linken Faust ins Gesicht geschlagen \u2013 auch nach Aufforderung des diensthabenden Vorgesetzten, damit aufzuh\u00f6ren. Die Ermittlungen hatte ein Auszubildender ans Licht gebracht, der sich seinem Ausbildungsleiter anvertraut hatte. Das Urteil ist noch nicht rechtskr\u00e4ftig.<\/p>\n","protected":false},"excerpt":{"rendered":"H\u00e4ftling wurde verpr\u00fcgelt Gef\u00e4ngnisw\u00e4rter wegen Misshandlung verurteilt Aktualisiert am 05.05.2025 &#8211; 17:20 UhrLesedauer: 2 Min. Das Gericht in&hellip;\n","protected":false},"author":2,"featured_media":86667,"comment_status":"","ping_status":"","sticky":false,"template":"","format":"standard","meta":{"footnotes":""},"categories":[1831],"tags":[3364,29,3405,1404,30,36091,36092,36093,682,4933,19771,10095,1209,176],"class_list":{"0":"post-86666","1":"post","2":"type-post","3":"status-publish","4":"format-standard","5":"has-post-thumbnail","7":"category-duesseldorf","8":"tag-de","9":"tag-deutschland","10":"tag-duesseldorf","11":"tag-gerichtsurteil","12":"tag-germany","13":"tag-gewaltexzess","14":"tag-justizvollzugsanstalt-duesseldorf","15":"tag-jvas","16":"tag-koerperverletzung","17":"tag-landgericht","18":"tag-landgericht-duesseldorf","19":"tag-misshandlung","20":"tag-nordrhein-westfalen","21":"tag-nrw"},"share_on_mastodon":{"url":"https:\/\/pubeurope.com\/@de\/114455984570127196","error":""},"_links":{"self":[{"href":"https:\/\/www.europesays.com\/de\/wp-json\/wp\/v2\/posts\/86666","targetHints":{"allow":["GET"]}}],"collection":[{"href":"https:\/\/www.europesays.com\/de\/wp-json\/wp\/v2\/posts"}],"about":[{"href":"https:\/\/www.europesays.com\/de\/wp-json\/wp\/v2\/types\/post"}],"author":[{"embeddable":true,"href":"https:\/\/www.europesays.com\/de\/wp-json\/wp\/v2\/users\/2"}],"replies":[{"embeddable":true,"href":"https:\/\/www.europesays.com\/de\/wp-json\/wp\/v2\/comments?post=86666"}],"version-history":[{"count":0,"href":"https:\/\/www.europesays.com\/de\/wp-json\/wp\/v2\/posts\/86666\/revisions"}],"wp:featuredmedia":[{"embeddable":true,"href":"https:\/\/www.europesays.com\/de\/wp-json\/wp\/v2\/media\/86667"}],"wp:attachment":[{"href":"https:\/\/www.europesays.com\/de\/wp-json\/wp\/v2\/media?parent=86666"}],"wp:term":[{"taxonomy":"category","embeddable":true,"href":"https:\/\/www.europesays.com\/de\/wp-json\/wp\/v2\/categories?post=86666"},{"taxonomy":"post_tag","embeddable":true,"href":"https:\/\/www.europesays.com\/de\/wp-json\/wp\/v2\/tags?post=86666"}],"curies":[{"name":"wp","href":"https:\/\/api.w.org\/{rel}","templated":true}]}}