{"id":866864,"date":"2026-03-14T02:37:26","date_gmt":"2026-03-14T02:37:26","guid":{"rendered":"https:\/\/www.europesays.com\/de\/866864\/"},"modified":"2026-03-14T02:37:26","modified_gmt":"2026-03-14T02:37:26","slug":"nhl-kommt-nach-duesseldorf-was-die-eishockey-liga-vom-deutschland-comeback-erwartet","status":"publish","type":"post","link":"https:\/\/www.europesays.com\/de\/866864\/","title":{"rendered":"NHL kommt nach D\u00fcsseldorf &#8211; was die Eishockey-Liga vom Deutschland-Comeback erwartet"},"content":{"rendered":"<p class=\"text_ohne_einzug richtext text-em-55 !leading-serif mx-6 desktop:mx-0\">Nein, Tim St\u00fctzle war nicht extra eingeflogen. Wobei einen auch das nicht mehr gewundert h\u00e4tte, wenn man sah, welch gro\u00dfen Aufschlag die <a href=\"https:\/\/rp-online.de\/thema\/national-hockey-league\/\" rel=\"nofollow noopener\" target=\"_blank\">National <\/a><a href=\"https:\/\/rp-online.de\/thema\/hockey\/\" rel=\"nofollow noopener\" target=\"_blank\">Hockey<\/a> League (NHL) an diesem Wochenende in D\u00fcsseldorf wagt. Das sieht man allein in der Innenstadt, wo die nordamerikanische Eishockeyliga ein kleines Dorf aufgebaut hat. Mit Mitmachstationen, Fanshop und einer B\u00fchne f\u00fcr Talkrunden mit ehemaligen NHL-Spielern wie <a href=\"https:\/\/rp-online.de\/thema\/christian-ehrhoff\/\" rel=\"nofollow noopener\" target=\"_blank\">Christian Ehrhoff<\/a>. Es gibt am Samstag ab 18 Uhr auch eine \u201eWatch-Party\u201c \u2013 auf einer Leinwand wird ein Spiel der Ottawa Senators \u00fcbertragen. Was auch der Grund ist, warum Tim St\u00fctzle nicht mit nach D\u00fcsseldorf kam, er ist der Star der Senators.<\/p>\n","protected":false},"excerpt":{"rendered":"Nein, Tim St\u00fctzle war nicht extra eingeflogen. Wobei einen auch das nicht mehr gewundert h\u00e4tte, wenn man sah,&hellip;\n","protected":false},"author":2,"featured_media":866865,"comment_status":"","ping_status":"","sticky":false,"template":"","format":"standard","meta":{"footnotes":"","_share_on_mastodon":"0"},"categories":[1831],"tags":[3364,29,3405,30,7935,1209],"class_list":["post-866864","post","type-post","status-publish","format-standard","has-post-thumbnail","category-duesseldorf","tag-de","tag-deutschland","tag-duesseldorf","tag-germany","tag-nhl","tag-nordrhein-westfalen"],"share_on_mastodon":{"url":"https:\/\/pubeurope.com\/@de\/116225208906266388","error":""},"_links":{"self":[{"href":"https:\/\/www.europesays.com\/de\/wp-json\/wp\/v2\/posts\/866864","targetHints":{"allow":["GET"]}}],"collection":[{"href":"https:\/\/www.europesays.com\/de\/wp-json\/wp\/v2\/posts"}],"about":[{"href":"https:\/\/www.europesays.com\/de\/wp-json\/wp\/v2\/types\/post"}],"author":[{"embeddable":true,"href":"https:\/\/www.europesays.com\/de\/wp-json\/wp\/v2\/users\/2"}],"replies":[{"embeddable":true,"href":"https:\/\/www.europesays.com\/de\/wp-json\/wp\/v2\/comments?post=866864"}],"version-history":[{"count":0,"href":"https:\/\/www.europesays.com\/de\/wp-json\/wp\/v2\/posts\/866864\/revisions"}],"wp:featuredmedia":[{"embeddable":true,"href":"https:\/\/www.europesays.com\/de\/wp-json\/wp\/v2\/media\/866865"}],"wp:attachment":[{"href":"https:\/\/www.europesays.com\/de\/wp-json\/wp\/v2\/media?parent=866864"}],"wp:term":[{"taxonomy":"category","embeddable":true,"href":"https:\/\/www.europesays.com\/de\/wp-json\/wp\/v2\/categories?post=866864"},{"taxonomy":"post_tag","embeddable":true,"href":"https:\/\/www.europesays.com\/de\/wp-json\/wp\/v2\/tags?post=866864"}],"curies":[{"name":"wp","href":"https:\/\/api.w.org\/{rel}","templated":true}]}}