{"id":867469,"date":"2026-03-14T08:24:21","date_gmt":"2026-03-14T08:24:21","guid":{"rendered":"https:\/\/www.europesays.com\/de\/867469\/"},"modified":"2026-03-14T08:24:21","modified_gmt":"2026-03-14T08:24:21","slug":"brigitte-nielsen-verliebt-in-heino-treffen-sich-zwei-beruehmte-sonnenbrillen-unterhaltung","status":"publish","type":"post","link":"https:\/\/www.europesays.com\/de\/867469\/","title":{"rendered":"Brigitte Nielsen \u201everliebt\u201c in Heino: Treffen sich zwei ber\u00fchmte Sonnenbrillen | Unterhaltung"},"content":{"rendered":"<p><a class=\"skip-content skip-content--link\" href=\"#in-content-skip-link-target-v-0-0\">TTS-Player \u00fcberspringen\u21b5<\/a><a id=\"in-content-skip-link-target-v-0-0\" class=\"skip-content--target-link-hidden skip-content skip-content--target-link\" href=\"#in-content-skip-link-target-v-0-0\">Artikel weiterlesen<\/a><\/p>\n<p>Kitzb\u00fchel (\u00d6sterreich) \u2013 <b>Zwei ber\u00fchmte Sonnenbrillen treffen sich! Volkss\u00e4nger Heino (87) lud am Freitag 300 Freunde, Fans und Kollegen zur Premiere seiner Vox-Dokumentation \u201eHEINO \u2013 Karamba, Karacho, Kult\u201c (ab 13. M\u00e4rz bei RTL+, ab 31. M\u00e4rz bei Vox) ein. Und er hatte einen besonderen Stargast dabei: Hollywood-Schauspielerin und RTL-Dschungelqueen Brigitte Nielsen (62).<\/b><\/p>\n<p>Heino zu BILD: \u201eMein Manager hatte mich gefragt, wen ich mir als glamour\u00f6se Begleitung zur Premiere w\u00fcnschen w\u00fcrde. Und da fiel mir Brigitte ein. Wir sind uns vorher zwar noch nie begegnet, aber ich habe sie immer sehr bewundert. Besonders in dem Film ,Red Sonja\u2018 hat sie mir gefallen. Sie ist ja eine sehr attraktive Frau. Gro\u00df und blond, wie es meine Frau Hannelore war.\u201c<\/p>\n<p><img decoding=\"async\" width=\"992\" height=\"558\" alt=\"Heino und Brigitte Nielsen verstanden sich auf Anhieb\" src=\"https:\/\/www.europesays.com\/de\/wp-content\/uploads\/2026\/03\/59c58d1a551535dbcdd8c2f7ef049ad5,b6bf1851.jpeg\"   class=\"landscape\" loading=\"lazy\"\/><\/p>\n<p class=\"fig__caption__text\">Heino und Brigitte Nielsen verstanden sich auf Anhieb und hielten sich bei den H\u00e4nden<\/p>\n<p>Foto: Pressefoto Scharinger\/Daniel Scharinger<\/p>\n<p>Brigitte Nielsen reiste extra aus ihrer Wahlheimat Marbella mit Ehemann Mattia Dess\u00ec (47) an. Sie bewohnte eine 320qm-Suite in Kitzb\u00fchels feinstem Hotel \u201eGrand Tirolia\u201c. Brigitte Nielsen zu BILD: \u201eNat\u00fcrlich kannte ich Heino als den bekanntesten deutschen S\u00e4nger. Und wir beide sind ja auch zwei blonde Ikonen. Unverwechselbar. Ich muss nach unserem Treffen sagen: Ich bin etwas verliebt in Heino! Er ist ein wunderbarer Mensch vom Herzen, von der Seele und von seiner Musik.\u201c<\/p>\n<p><img decoding=\"async\" width=\"992\" height=\"622\" alt=\"Das Volksmusik-Duo Marianne und Michael kam zu Heinos Premiere\" src=\"https:\/\/www.europesays.com\/de\/wp-content\/uploads\/2026\/03\/c91d47a902e5df23c4db9c0b2c3c83b8,738d9cb9.jpeg\"   class=\"dynamic\" loading=\"lazy\"\/><\/p>\n<p class=\"fig__caption__text\">Das Volksmusik-Duo Marianne (73) und Michael Hartl (76) kam zu Heinos Premiere<\/p>\n<p>Foto: babiradpicture &#8211; abp<\/p>\n<p><img decoding=\"async\" width=\"992\" height=\"626\" alt=\"Auf dem roten Teppich trafen Brigitte Nielsen und Heino (r.) auf ihren Freund Fr\u00e9d\u00e9ric Prinz von Anhalt (82)\" src=\"https:\/\/www.europesays.com\/de\/wp-content\/uploads\/2026\/03\/c408772a286e495f186418ebe5128a0c,4171cca4.jpeg\"   class=\"dynamic\" loading=\"lazy\"\/><\/p>\n<p class=\"fig__caption__text\">Auf dem roten Teppich trafen Brigitte Nielsen und Heino (r.) auf ihren Freund Fr\u00e9d\u00e9ric Prinz von Anhalt (82)<\/p>\n<p>Foto: BrauerPhotos\/S.Brauer<\/p>\n<p>Ein weiterer Premierengast war auch Oliver Pocher (48), der ein gro\u00dfer Bewunderer von Heino ist. Dennoch konnte er sich einen kleinen Seitenhieb nicht verkneifen: \u201eIch kenne zwar nicht die Verbindung zwischen Brigitte Nielsen und Heino \u2013 au\u00dfer dass sie offenbar denselben Friseur und gleiche Sonnenbrille haben. Aber mich f\u00fchrt heute die pers\u00f6nliche Verbindung zu Heino her, den ich seit 20 Jahren kenne. Seine Lebensleistung muss man einfach w\u00fcrdigen.\u201c<\/p>\n<p><img decoding=\"async\" width=\"992\" height=\"558\" alt=\"Oliver Pocher machte Selfies mit seinen Fans in Kitzb\u00fchel\" src=\"https:\/\/www.europesays.com\/de\/wp-content\/uploads\/2026\/03\/3c8b0504515b802fc3ab03f0108ad982,9fb2d3b.jpeg\"   class=\"landscape\" loading=\"lazy\"\/><\/p>\n<p class=\"fig__caption__text\">Oliver Pocher (48) machte Selfies mit seinen Fans in Kitzb\u00fchel<\/p>\n<p>Foto: Pressefoto Scharinger\/Daniel Scharinger<\/p>\n<p>Hat Brigitte Nielsen noch Kontakt zu ihrem Ex-Ehemann Sylvester Stallone (79)? Nielsen: \u201eNein, das ist 40 Jahre her. Ich bin heute mit meinem Mattia gl\u00fccklich verheiratet. Aber nat\u00fcrlich war die Zeit mit Sylvester Stallone ganz wunderbar. In meinen Augen bleibt er f\u00fcr immer ,Rocky\u2018.\u201c<\/p>\n<p><img decoding=\"async\" width=\"992\" height=\"558\" alt=\"Kurze, aber gro\u00dfe Liebe: Brigitte Nielsen war von 1985 bis 1986 mit Sylvester Stallone (heute 79) verheiratet. Hier zeigt sich das Paar 1986 bei einer Veranstaltung in Washington\" src=\"https:\/\/www.europesays.com\/de\/wp-content\/uploads\/2026\/03\/a657b09b2a70f4c762d600b5853d2341,c9bd524f.jpeg\"   class=\"landscape\" loading=\"lazy\"\/><\/p>\n<p class=\"fig__caption__text\">Kurze, aber gro\u00dfe Liebe: Brigitte Nielsen war von 1985 bis 1986 mit Sylvester Stallone (heute 79) verheiratet. Hier zeigt sich das Paar 1986 bei einer Veranstaltung in Washington<\/p>\n<p>Foto: picture-alliance\/dpa<\/p>\n<p>Nach BILD-Informationen kostete das gesamte Premieren-Event um Heino 50\u00a0000 Euro. Den Hauptanteil bezahlte Heinos Manager Helmut Werner (41) aus eigener Tasche. Ebenso die Gage f\u00fcr Brigitte Nielsen. Der Sender Vox beteiligte sich nur mit einer kleinen Summe an den Kosten.<\/p>\n","protected":false},"excerpt":{"rendered":"TTS-Player \u00fcberspringen\u21b5Artikel weiterlesen Kitzb\u00fchel (\u00d6sterreich) \u2013 Zwei ber\u00fchmte Sonnenbrillen treffen sich! Volkss\u00e4nger Heino (87) lud am Freitag 300&hellip;\n","protected":false},"author":2,"featured_media":867470,"comment_status":"","ping_status":"","sticky":false,"template":"","format":"standard","meta":{"footnotes":"","_share_on_mastodon":"0"},"categories":[1776],"tags":[1801,29,933,214,30,11701,192062,1802,23151,138370,45,215,230],"class_list":["post-867469","post","type-post","status-publish","format-standard","has-post-thumbnail","category-prominente","tag-celebrities","tag-deutschland","tag-dschungelcamp","tag-entertainment","tag-germany","tag-heino","tag-nielsen-brigitte","tag-prominente","tag-stallone-sylvester","tag-team-first","tag-texttospeech","tag-unterhaltung","tag-vox"],"share_on_mastodon":{"url":"https:\/\/pubeurope.com\/@de\/116226573779905464","error":""},"_links":{"self":[{"href":"https:\/\/www.europesays.com\/de\/wp-json\/wp\/v2\/posts\/867469","targetHints":{"allow":["GET"]}}],"collection":[{"href":"https:\/\/www.europesays.com\/de\/wp-json\/wp\/v2\/posts"}],"about":[{"href":"https:\/\/www.europesays.com\/de\/wp-json\/wp\/v2\/types\/post"}],"author":[{"embeddable":true,"href":"https:\/\/www.europesays.com\/de\/wp-json\/wp\/v2\/users\/2"}],"replies":[{"embeddable":true,"href":"https:\/\/www.europesays.com\/de\/wp-json\/wp\/v2\/comments?post=867469"}],"version-history":[{"count":0,"href":"https:\/\/www.europesays.com\/de\/wp-json\/wp\/v2\/posts\/867469\/revisions"}],"wp:featuredmedia":[{"embeddable":true,"href":"https:\/\/www.europesays.com\/de\/wp-json\/wp\/v2\/media\/867470"}],"wp:attachment":[{"href":"https:\/\/www.europesays.com\/de\/wp-json\/wp\/v2\/media?parent=867469"}],"wp:term":[{"taxonomy":"category","embeddable":true,"href":"https:\/\/www.europesays.com\/de\/wp-json\/wp\/v2\/categories?post=867469"},{"taxonomy":"post_tag","embeddable":true,"href":"https:\/\/www.europesays.com\/de\/wp-json\/wp\/v2\/tags?post=867469"}],"curies":[{"name":"wp","href":"https:\/\/api.w.org\/{rel}","templated":true}]}}