{"id":867485,"date":"2026-03-14T08:34:20","date_gmt":"2026-03-14T08:34:20","guid":{"rendered":"https:\/\/www.europesays.com\/de\/867485\/"},"modified":"2026-03-14T08:34:20","modified_gmt":"2026-03-14T08:34:20","slug":"deutscher-mittelstand-mittelstaendler-ziehen-sich-laut-umfrage-aus-den-usa-zurueck","status":"publish","type":"post","link":"https:\/\/www.europesays.com\/de\/867485\/","title":{"rendered":"Deutscher Mittelstand: Mittelst\u00e4ndler ziehen sich laut Umfrage aus den USA zur\u00fcck"},"content":{"rendered":"<p class=\"paragraph article__item\">F\u00fcr Deutschlands Mittelstand haben \u200bdie Vereinigten Staaten mit US-Pr\u00e4sident <a class=\"rtr-entity\" href=\"https:\/\/www.zeit.de\/thema\/donald-trump\" rel=\"nofollow noopener\" target=\"_blank\">Donald Trump<\/a> deutlich an Reiz verloren. Das geht aus einer repr\u00e4sentativen Sonderbefragung der staatlichen \u200bF\u00f6rderbank KfW im Januar im Rahmen \u2060des Mittelstandspanels hervor, \u00fcber die zuerst die Welt am Sonntag berichtete. Die US-Politik der \u200bvergangenen Monate wirkt sich demnach f\u00fcr 52 Prozent der deutschen Mittelst\u00e4ndler mit \u200cGesch\u00e4ftsbeziehungen \u2060in die Vereinigten Staaten \u200bnegativ aus.\n<\/p>\n<p class=\"paragraph article__item\">25 Prozent der Befragten berichteten von &#8222;sehr negativen&#8220;, weitere 27 Prozent von &#8222;eher negativen&#8220; Folgen. 36 Prozent sehen \u200bdem Vorabbericht zufolge keine Ver\u00e4nderungen und sieben Prozent f\u00fchlen sich durch die politischen Entscheidungen seit Trumps erneuter Amts\u00fcbernahme im Januar 2025 beg\u00fcnstigt.\n<\/p>\n<p class=\"paragraph article__item\">Der Anteil der <a href=\"https:\/\/www.zeit.de\/wirtschaft\/unternehmen\/2025-11\/mittelstand-zunahme-beschaeftigte-geringe-investitionsbereitschaft\" target=\"_blank\" rel=\"nofollow noopener\">Mittelst\u00e4ndler<\/a>, die \u00fcberhaupt noch Gesch\u00e4ftsbeziehungen in die <a class=\"rtr-entity\" href=\"https:\/\/www.zeit.de\/thema\/usa\" rel=\"nofollow noopener\" target=\"_blank\">Vereinigten Staaten<\/a> haben, sei innerhalb eines Jahres \u2060von 16,4 Prozent im \u200bJanuar 2025 auf 11,3 Prozent im Januar 2026 gesunken, \u200cberichtete die Zeitung weiter. In \u200cdie Wertung der KfW-Sonderbefragung gingen dem \u200bBericht zufolge die Antworten von 1.700 mittelst\u00e4ndischen Unternehmen mit einem Jahresumsatz unter 500 Millionen Euro ein.\n<\/p>\n<p class=\"paragraph article__item\">Eine rasche \u200bR\u00fcckkehr des Mittelstands auf den US-Markt erwartet der von der Zeitung befragte KfW-Chefvolkswirt Dirk Schumacher dem Vorabbericht zufolge nicht. &#8222;Die Zur\u00fcckhaltung deutscher Unternehmen \u200cauf dem US-Markt d\u00fcrfte noch so lange anhalten, \u200bbis sie wieder mehr Vertrauen in die amerikanische Wirtschaftspolitik \u2060haben&#8220;, sagte \u200ber. Die aggressive Zollpolitik der US-Regierung \u200cder vergangenen Monate habe ihren Teil zu der Skepsis beigetragen. Noch st\u00e4rker als \u200cdie h\u00f6heren Z\u00f6lle belaste die erneute Unsicherheit \u00fcber die k\u00fcnftige \u200bEntwicklung der US-Zollpolitik die Unternehmen.\n<\/p>\n<p>Mehr zum Thema<\/p>\n<p>            US-Politik        <\/p>\n<p>                <a href=\"https:\/\/www.zeit.de\/politik\/ausland\/2026-03\/donald-trump-us-machtpolitik-krieg-zoll-carl-von-clausewitz\" data-ct-label=\"US-Machtpolitik: Donald Trump leidet an der Siegeskrankheit\" data-uuid=\"a07ce5fd-0af4-4b01-b33d-c3b721c0ada0\" rel=\"nofollow noopener\" target=\"_blank\"><\/p>\n<p>        Z+ (abopflichtiger Inhalt);<\/p>\n<p>    US-Machtpolitik:<br \/>\n                        Donald Trump leidet an der Siegeskrankheit<\/p>\n<p>                <\/a><\/p>\n<p>                <a href=\"https:\/\/www.zeit.de\/politik\/2026-03\/irankrieg-usa-donald-trump-nachrichtenpodcast\" data-ct-label=\"Nachrichtenpodcast: Das Regime ist noch da, die Weltwirtschaft bedroht\" data-uuid=\"afd52a4f-2df0-4f82-82cf-283b75c626f2\" rel=\"nofollow noopener\" target=\"_blank\"><\/p>\n<p>                        Nachrichtenpodcast:<br \/>\n                        Das Regime ist noch da, die Weltwirtschaft bedroht<\/p>\n<p>                <\/a><\/p>\n<p>                <a href=\"https:\/\/www.zeit.de\/wirtschaft\/2026-02\/julian-hinz-trump-zoelle-handelspolitik-usa\" data-ct-label=\"Urteil zu Trump-Z\u00f6llen: &quot;Trump ist geschw\u00e4cht&quot;\" data-uuid=\"e929d6ca-6ec3-437e-8845-66198a289118\" rel=\"nofollow noopener\" target=\"_blank\"><\/p>\n<p>        Z+ (abopflichtiger Inhalt);<\/p>\n<p>    Urteil zu Trump-Z\u00f6llen:<br \/>\n                        &#8222;Trump ist geschw\u00e4cht&#8220;<\/p>\n<p>                <\/a><\/p>\n","protected":false},"excerpt":{"rendered":"F\u00fcr Deutschlands Mittelstand haben \u200bdie Vereinigten Staaten mit US-Pr\u00e4sident Donald Trump deutlich an Reiz verloren. Das geht aus&hellip;\n","protected":false},"author":2,"featured_media":867486,"comment_status":"","ping_status":"","sticky":false,"template":"","format":"standard","meta":{"footnotes":"","_share_on_mastodon":"0"},"categories":[134],"tags":[175,170,169,107857,29,106,30,48771,171,174,4563,173,172,64,8016,55],"class_list":["post-867485","post","type-post","status-publish","format-standard","has-post-thumbnail","category-unternehmen-maerkte","tag-business","tag-companies","tag-companies-markets","tag-deutscher-mittelstand","tag-deutschland","tag-donald-trump","tag-germany","tag-kfw-bankengruppe","tag-markets","tag-maerkte","tag-mittelstand","tag-unternehmen","tag-unternehmen-maerkte","tag-usa","tag-wams","tag-wirtschaft"],"share_on_mastodon":{"url":"https:\/\/pubeurope.com\/@de\/116226612691952544","error":""},"_links":{"self":[{"href":"https:\/\/www.europesays.com\/de\/wp-json\/wp\/v2\/posts\/867485","targetHints":{"allow":["GET"]}}],"collection":[{"href":"https:\/\/www.europesays.com\/de\/wp-json\/wp\/v2\/posts"}],"about":[{"href":"https:\/\/www.europesays.com\/de\/wp-json\/wp\/v2\/types\/post"}],"author":[{"embeddable":true,"href":"https:\/\/www.europesays.com\/de\/wp-json\/wp\/v2\/users\/2"}],"replies":[{"embeddable":true,"href":"https:\/\/www.europesays.com\/de\/wp-json\/wp\/v2\/comments?post=867485"}],"version-history":[{"count":0,"href":"https:\/\/www.europesays.com\/de\/wp-json\/wp\/v2\/posts\/867485\/revisions"}],"wp:featuredmedia":[{"embeddable":true,"href":"https:\/\/www.europesays.com\/de\/wp-json\/wp\/v2\/media\/867486"}],"wp:attachment":[{"href":"https:\/\/www.europesays.com\/de\/wp-json\/wp\/v2\/media?parent=867485"}],"wp:term":[{"taxonomy":"category","embeddable":true,"href":"https:\/\/www.europesays.com\/de\/wp-json\/wp\/v2\/categories?post=867485"},{"taxonomy":"post_tag","embeddable":true,"href":"https:\/\/www.europesays.com\/de\/wp-json\/wp\/v2\/tags?post=867485"}],"curies":[{"name":"wp","href":"https:\/\/api.w.org\/{rel}","templated":true}]}}