{"id":867856,"date":"2026-03-14T12:04:13","date_gmt":"2026-03-14T12:04:13","guid":{"rendered":"https:\/\/www.europesays.com\/de\/867856\/"},"modified":"2026-03-14T12:04:13","modified_gmt":"2026-03-14T12:04:13","slug":"nach-fruehjahrsrevision-faehrt-schwebebahn-in-dresden-wieder","status":"publish","type":"post","link":"https:\/\/www.europesays.com\/de\/867856\/","title":{"rendered":"Nach Fr\u00fchjahrsrevision f\u00e4hrt Schwebebahn in Dresden wieder"},"content":{"rendered":"<p class=\"text\">\nDie Revision der Schwebebahn in Dresden-Loschwitz ist abgeschlossen. Das haben die Dresdner Verkehrsbetriebe (DVB) mitgeteilt. In diesem Jahr h\u00e4tten die Kontrolle und Reparaturen satt der \u00fcblichen zehn Tage drei Wochen ben\u00f6tigt, sagte der Sprecher der Verkehrsbetriebe Falk L\u00f6sch MDR SACHSEN.\n<\/p>\n<p class=\"text\">\nEine Spezialfirma aus \u00d6sterreich habe die beiden Seilenden auf den Wagend\u00e4chern ein St\u00fcck gek\u00fcrzt und neu vergossen. &#8222;Das ist gesetzlich vorgeschrieben&#8220;, sagte L\u00f6sch. Nach der T\u00dcV-Freigabe k\u00f6nne die Bahn seit Sonnabend 10 Uhr wie gewohnt genutzt werden.<\/p>\n","protected":false},"excerpt":{"rendered":"Die Revision der Schwebebahn in Dresden-Loschwitz ist abgeschlossen. Das haben die Dresdner Verkehrsbetriebe (DVB) mitgeteilt. In diesem Jahr&hellip;\n","protected":false},"author":2,"featured_media":867857,"comment_status":"","ping_status":"","sticky":false,"template":"","format":"standard","meta":{"footnotes":"","_share_on_mastodon":"0"},"categories":[1835],"tags":[3364,29,2386,72206,30,81,14,859,9387,17128,7934,4454],"class_list":["post-867856","post","type-post","status-publish","format-standard","has-post-thumbnail","category-dresden","tag-de","tag-deutschland","tag-dresden","tag-dvb","tag-germany","tag-mdr","tag-nachrichten","tag-sachsen","tag-saison","tag-schwebebahn","tag-standseilbahn","tag-start"],"share_on_mastodon":{"url":"https:\/\/pubeurope.com\/@de\/116227438475364460","error":""},"_links":{"self":[{"href":"https:\/\/www.europesays.com\/de\/wp-json\/wp\/v2\/posts\/867856","targetHints":{"allow":["GET"]}}],"collection":[{"href":"https:\/\/www.europesays.com\/de\/wp-json\/wp\/v2\/posts"}],"about":[{"href":"https:\/\/www.europesays.com\/de\/wp-json\/wp\/v2\/types\/post"}],"author":[{"embeddable":true,"href":"https:\/\/www.europesays.com\/de\/wp-json\/wp\/v2\/users\/2"}],"replies":[{"embeddable":true,"href":"https:\/\/www.europesays.com\/de\/wp-json\/wp\/v2\/comments?post=867856"}],"version-history":[{"count":0,"href":"https:\/\/www.europesays.com\/de\/wp-json\/wp\/v2\/posts\/867856\/revisions"}],"wp:featuredmedia":[{"embeddable":true,"href":"https:\/\/www.europesays.com\/de\/wp-json\/wp\/v2\/media\/867857"}],"wp:attachment":[{"href":"https:\/\/www.europesays.com\/de\/wp-json\/wp\/v2\/media?parent=867856"}],"wp:term":[{"taxonomy":"category","embeddable":true,"href":"https:\/\/www.europesays.com\/de\/wp-json\/wp\/v2\/categories?post=867856"},{"taxonomy":"post_tag","embeddable":true,"href":"https:\/\/www.europesays.com\/de\/wp-json\/wp\/v2\/tags?post=867856"}],"curies":[{"name":"wp","href":"https:\/\/api.w.org\/{rel}","templated":true}]}}