{"id":867870,"date":"2026-03-14T12:11:15","date_gmt":"2026-03-14T12:11:15","guid":{"rendered":"https:\/\/www.europesays.com\/de\/867870\/"},"modified":"2026-03-14T12:11:15","modified_gmt":"2026-03-14T12:11:15","slug":"kostenloser-kompost-am-21-maerz-2026-in-croebern-%c2%b7-leipziger-zeitung","status":"publish","type":"post","link":"https:\/\/www.europesays.com\/de\/867870\/","title":{"rendered":"Kostenloser Kompost am 21. M\u00e4rz 2026 in Cr\u00f6bern \u00b7 Leipziger Zeitung"},"content":{"rendered":"<p>Am Samstag, 21. M\u00e4rz 2026 findet der Komposttag am Entsorgungsstandort Cr\u00f6bern statt. In der Zeit von 9 bis 12 Uhr wird dort hochwertiger, zertifizierter Kompost kostenlos an B\u00fcrgerinnen und B\u00fcrger abgegeben.<\/p>\n<p>Pro Fahrzeug k\u00f6nnen bis zu 2 m\u00b3 Kompost in Cr\u00f6bern (Abfahrt Zentraldeponie) abgeholt werden. Die Verladung erfolgt eigenst\u00e4ndig. Bitte tragen Sie festes Schuhwerk und bringen Schaufeln, geeignete Beh\u00e4lter und Transportm\u00f6glichkeiten zum Selbstbeladen mit.<\/p>\n<p>Der Komposttag ist Teil der Aktionswoche \u201eTorffrei g\u00e4rtnern\u201c des Bundesministeriums f\u00fcr Landwirtschaft, Ern\u00e4hrung und Heimat. Kompost verbessert die Bodenstruktur, speichert Feuchtigkeit und schafft damit optimale Wachstumsbedingungen f\u00fcr viele Gartenpflanzen. Gleichzeitig tr\u00e4gt die Verwendung von Kompost anstelle von Torf zum Schutz der Moore bei, die \u00fcber Jahrtausende gro\u00dfe Mengen Kohlenstoff speichern.<\/p>\n<p>In der modernen Kompost- und Energieanlage (KEA) werden die Bioabf\u00e4lle aus den Biotonnen der Stadt Leipzig und des Landkreises Leipzig verarbeitet. Dabei entstehen n\u00e4hrstoffreicher Qualit\u00e4tskompost \u2013 ausgezeichnet mit dem G\u00fctesiegel der Bundesg\u00fctegemeinschaft Kompost \u2013 sowie Biogas. Die Anlage leistet damit einen wichtigen Beitrag zur regionalen Kreislaufwirtschaft und zum Klimaschutz.<\/p>\n<p>Parallel zur Kompostabgabe ist auch der Kleinanliefererbereich ge\u00f6ffnet. Hier k\u00f6nnen Sperrm\u00fcll, Altholz sowie Gr\u00fcn- und Baumschnitt gegen Geb\u00fchr entsorgt werden.<\/p>\n<p><strong>Weitere Informationen zur Kompostabgabe:<\/strong><br \/><a href=\"http:\/\/www.wev-sachsen.de\/kompost\" target=\"_blank\" rel=\"noreferrer noopener nofollow\">www.wev-sachsen.de\/kompost<\/a><\/p>\n<p><strong>Informationen zu Annahmebedingungen, Kleinanliefererbereich im Abfall-ABC:<\/strong><br \/><a href=\"http:\/\/www.zaw-sachsen.de\/entsorgung\/abfall-abc\" target=\"_blank\" rel=\"noreferrer noopener nofollow\">www.zaw-sachsen.de\/entsorgung\/abfall-abc<\/a><\/p>\n<p><strong>Hinweis zur Anfahrt:<\/strong><br \/>Die Abfahrt Zwenkau in Richtung Leipzig ist aufgrund von Autobahnbauma\u00dfnahmen gesperrt. Bitte folgen Sie der ausgeschilderten Umleitung. Aktuelle Informationen finden Sie unter <a href=\"http:\/\/www.zaw-sachsen.de\/\" target=\"_blank\" rel=\"noreferrer noopener nofollow\">www.zaw-sachsen.de<\/a><\/p>\n","protected":false},"excerpt":{"rendered":"Am Samstag, 21. M\u00e4rz 2026 findet der Komposttag am Entsorgungsstandort Cr\u00f6bern statt. In der Zeit von 9 bis&hellip;\n","protected":false},"author":2,"featured_media":867871,"comment_status":"","ping_status":"","sticky":false,"template":"","format":"standard","meta":{"footnotes":"","_share_on_mastodon":"0"},"categories":[1832],"tags":[31887,192123,3364,29,598,30,71,859],"class_list":["post-867870","post","type-post","status-publish","format-standard","has-post-thumbnail","category-leipzig","tag-kompost","tag-croebern","tag-de","tag-deutschland","tag-garten","tag-germany","tag-leipzig","tag-sachsen"],"share_on_mastodon":{"url":"https:\/\/pubeurope.com\/@de\/116227466027133752","error":""},"_links":{"self":[{"href":"https:\/\/www.europesays.com\/de\/wp-json\/wp\/v2\/posts\/867870","targetHints":{"allow":["GET"]}}],"collection":[{"href":"https:\/\/www.europesays.com\/de\/wp-json\/wp\/v2\/posts"}],"about":[{"href":"https:\/\/www.europesays.com\/de\/wp-json\/wp\/v2\/types\/post"}],"author":[{"embeddable":true,"href":"https:\/\/www.europesays.com\/de\/wp-json\/wp\/v2\/users\/2"}],"replies":[{"embeddable":true,"href":"https:\/\/www.europesays.com\/de\/wp-json\/wp\/v2\/comments?post=867870"}],"version-history":[{"count":0,"href":"https:\/\/www.europesays.com\/de\/wp-json\/wp\/v2\/posts\/867870\/revisions"}],"wp:featuredmedia":[{"embeddable":true,"href":"https:\/\/www.europesays.com\/de\/wp-json\/wp\/v2\/media\/867871"}],"wp:attachment":[{"href":"https:\/\/www.europesays.com\/de\/wp-json\/wp\/v2\/media?parent=867870"}],"wp:term":[{"taxonomy":"category","embeddable":true,"href":"https:\/\/www.europesays.com\/de\/wp-json\/wp\/v2\/categories?post=867870"},{"taxonomy":"post_tag","embeddable":true,"href":"https:\/\/www.europesays.com\/de\/wp-json\/wp\/v2\/tags?post=867870"}],"curies":[{"name":"wp","href":"https:\/\/api.w.org\/{rel}","templated":true}]}}