{"id":867890,"date":"2026-03-14T12:22:17","date_gmt":"2026-03-14T12:22:17","guid":{"rendered":"https:\/\/www.europesays.com\/de\/867890\/"},"modified":"2026-03-14T12:22:17","modified_gmt":"2026-03-14T12:22:17","slug":"die-frauen-des-1-fc-koeln-empfangen-bayern-muenchen","status":"publish","type":"post","link":"https:\/\/www.europesays.com\/de\/867890\/","title":{"rendered":"Die Frauen des 1. FC K\u00f6ln empfangen Bayern M\u00fcnchen"},"content":{"rendered":"<p>David gegen Goliath hei\u00dft es am Sonntagabend ab 17 Uhr im Franz-Kremer-Stadion: Die Frauen des 1. FC K\u00f6ln empfangen Bayern M\u00fcnchen. Und dabei gehen die Fu\u00dfballerinnen des FC als klarer Au\u00dfenseiter in das Bundesliga-Heimspiel gegen den amtierenden Meister und Tabellenf\u00fchrer.<\/p>\n<p id=\"h-david-gegen-goliath-heisst-es-am-sonntagabend-ab-17-uhr-im-franz-kremer-stadion-die-frauen-des-1-fc-koln-empfangen-bayern-munchen-und-dabei-gehen-die-fussballerinnen-des-fc-als-klarer-aussenseiter-in-das-bundesliga-heimspiel-gegen-den-amtierenden-meister-und-tabellenfuhrer-zumindest-die-erste-halfte-des-hinspiels-dient-den-kolnerinnen-aber-als-mutmacher\">Zumindest die erste H\u00e4lfte des Hinspiels dient den K\u00f6lnerinnen als Mutmacher. Im heimischen Stadion will die Mannschaft von Britta Carlson f\u00fcr eine \u00dcberraschung sorgen.<\/p>\n<p><a href=\"https:\/\/www.europesays.com\/de\/wp-content\/uploads\/2026\/03\/britta-carlson-trainerin-1-fc-koeln.jpg\"><img loading=\"lazy\" decoding=\"async\" width=\"1600\" height=\"1200\" data-id=\"41480\" src=\"https:\/\/www.europesays.com\/de\/wp-content\/uploads\/2026\/03\/britta-carlson-trainerin-1-fc-koeln.jpg\" alt=\"Britta Carlson beim Training des 1. FC K\u00f6ln\" class=\"wp-image-41480\"  \/><\/a>Britta Carlson vom 1. FC K\u00f6ln<\/p>\n<p><img decoding=\"async\" style=\"width: 15px;\" src=\"https:\/\/www.europesays.com\/de\/wp-content\/uploads\/2025\/04\/whatsapp-logo.webp.webp\" alt=\"\"\/>\u00a0Ihr wollt immer aktuell informiert sein? Folgt dem <a href=\"https:\/\/whatsapp.com\/channel\/0029VaCxFqM8vd1GzNMmCM2w\" rel=\"nofollow noopener\" target=\"_blank\">WhatsApp-Kanal von come-on-fc.com<\/a>.<\/p>\n<p> <img loading=\"lazy\" decoding=\"async\" src=\"https:\/\/www.europesays.com\/de\/wp-content\/uploads\/2026\/03\/6d76aa118107471899590c83ecb159ff.gif\" width=\"1\" height=\"1\" alt=\"\"\/>Teil\u2019 diesen Beitrag mit deinen Freunden:<\/p>\n<p>Es war eine bemerkenswerte erste H\u00e4lfte damals Mitte Oktober: Sandra Jessen brachte den FC beim Branchenprimus Bayern M\u00fcnchen fr\u00fch in F\u00fchrung. Und das 1:0 f\u00fcr den FC hatte auch bis zur buchst\u00e4blich letzten Sekunde vor der Pause Bestand, ehe die FCB-Frauen noch vor der Halbzeit ausgleichen konnten. Das Duell endete am Ende deutlich mit 5:1 f\u00fcr M\u00fcnchen. Immerhin: Das K\u00f6lner Tor gegen Bayern hat Seltenheitswert in dieser Saison, denn die M\u00fcnchenerinnen kassierten bisher insgesamt erst sechs Gegentreffer und eilen mit Riesenschritten der n\u00e4chsten Meisterschaft entgegen.<\/p>\n<p>\u201cDas wollen wir auch in diesem Spiel haben\u201c<\/p>\n<p>\u201eWir haben sie in der ersten H\u00e4lfte sehr gut besch\u00e4ftigt und weit weg von unserem Tor gehalten\u201c, denkt K\u00f6lns Trainerin Britta Carlson gerne an die ersten 45 Minuten des Hinspiels zur\u00fcck und leitet daraus f\u00fcr das Wiedersehen am Sonntag ab: \u201eDas wollen wir auch in diesem Spiel haben, kompakt zu stehen, aber auch in unser Pressing reinzukommen und die Umschalt-Situationen zu nutzen.\u201c K\u00f6lns Trainerin ahnt weiter: \u201eWir werden nicht ganz so viel Ballbesitz haben, wollen wie schon im Hinspiel immer wieder den Gegner phasenweise unter Druck setzen. Wir waren eine der wenigen Mannschaften, die Bayern anders herausgefordert haben in dieser Saison.\u201c<\/p>\n<p>Carlson \u00e4u\u00dfert sich trotz der j\u00fcngsten Ergebnisse mit vier Spielen in Folge ohne Sieg selbstbewusst vor dem Duell gegen den Liga-Primus: \u201eWir sehen immer unsere Chance. Wir wissen, dass wir gegen jede Mannschaft bestehen k\u00f6nnen. Wir gehen das Spiel realistisch an, aber wir sagen, dass wir gegen jeden Gegner punkten wollen. Wir haben ein Heimspiel und unsere Kulisse und die wollen wir nutzen, um vielleicht f\u00fcr eine \u00dcberraschung sorgen zu k\u00f6nnen.\u201c<\/p>\n<p>\u201cF\u00fcr die Startelf ist es sicherlich noch zu fr\u00fch\u201c<\/p>\n<p>Die FC-Frauen m\u00fcssen am Sonntag allerdings Weronika Zawistowska ersetzen. Die offensivstarke polnische Nationalspielerin hat sich bei der j\u00fcngsten L\u00e4nderspielreise verletzt und f\u00e4llt aus. Sandra Jessen wartet derweil auf ihre pers\u00f6nliche Befreiung. Die Isl\u00e4nderin ist in 2026 noch ohne Treffer und wartet insgesamt sogar seit 492 Minuten auf ihr n\u00e4chstes Tor.<\/p>\n<p>Kapit\u00e4nin Marina Hegering ist noch keine Option f\u00fcr die Anfangsformation: \u201eF\u00fcr die Startelf ist es sicherlich noch zu fr\u00fch\u201c, verr\u00e4t Carlson, \u201esie hat ihre ersten Einsatzminuten gehabt im Testspiel gegen Mainz. Sie kommt immer besser zur\u00fcck. Man merkt, dass sie zur\u00fcck auf dem Platz ist und uns guttut. Wir freuen uns, dass sie bald wieder die alte Marina ist, die wir sicherlich f\u00fcr den Saison-Endspurt noch brauchen.\u201c<\/p>\n","protected":false},"excerpt":{"rendered":"David gegen Goliath hei\u00dft es am Sonntagabend ab 17 Uhr im Franz-Kremer-Stadion: Die Frauen des 1. FC K\u00f6ln&hellip;\n","protected":false},"author":2,"featured_media":867891,"comment_status":"","ping_status":"","sticky":false,"template":"","format":"standard","meta":{"footnotes":"","_share_on_mastodon":"0"},"categories":[1827],"tags":[11214,623,192129,192130,30908,30909,772,29,25655,7579,25656,192131,30,1268],"class_list":["post-867890","post","type-post","status-publish","format-standard","has-post-thumbnail","category-muenchen","tag-11214","tag-1-fc-koeln","tag-1-fc-koeln-bayern-muenchen","tag-1-fc-koeln-frauen","tag-1-fc-koeln-nachrichten","tag-1-fc-koeln-news","tag-bayern","tag-deutschland","tag-effzeh","tag-fc","tag-fc-koeln","tag-frauen-fc","tag-germany","tag-muenchen"],"share_on_mastodon":{"url":"https:\/\/pubeurope.com\/@de\/116227509405645215","error":""},"_links":{"self":[{"href":"https:\/\/www.europesays.com\/de\/wp-json\/wp\/v2\/posts\/867890","targetHints":{"allow":["GET"]}}],"collection":[{"href":"https:\/\/www.europesays.com\/de\/wp-json\/wp\/v2\/posts"}],"about":[{"href":"https:\/\/www.europesays.com\/de\/wp-json\/wp\/v2\/types\/post"}],"author":[{"embeddable":true,"href":"https:\/\/www.europesays.com\/de\/wp-json\/wp\/v2\/users\/2"}],"replies":[{"embeddable":true,"href":"https:\/\/www.europesays.com\/de\/wp-json\/wp\/v2\/comments?post=867890"}],"version-history":[{"count":0,"href":"https:\/\/www.europesays.com\/de\/wp-json\/wp\/v2\/posts\/867890\/revisions"}],"wp:featuredmedia":[{"embeddable":true,"href":"https:\/\/www.europesays.com\/de\/wp-json\/wp\/v2\/media\/867891"}],"wp:attachment":[{"href":"https:\/\/www.europesays.com\/de\/wp-json\/wp\/v2\/media?parent=867890"}],"wp:term":[{"taxonomy":"category","embeddable":true,"href":"https:\/\/www.europesays.com\/de\/wp-json\/wp\/v2\/categories?post=867890"},{"taxonomy":"post_tag","embeddable":true,"href":"https:\/\/www.europesays.com\/de\/wp-json\/wp\/v2\/tags?post=867890"}],"curies":[{"name":"wp","href":"https:\/\/api.w.org\/{rel}","templated":true}]}}