{"id":868001,"date":"2026-03-14T13:24:17","date_gmt":"2026-03-14T13:24:17","guid":{"rendered":"https:\/\/www.europesays.com\/de\/868001\/"},"modified":"2026-03-14T13:24:17","modified_gmt":"2026-03-14T13:24:17","slug":"kleines-fest-neuer-intendant-desimo-stellt-das-programm-fuer-2026-vor","status":"publish","type":"post","link":"https:\/\/www.europesays.com\/de\/868001\/","title":{"rendered":"Kleines Fest: Neuer Intendant Desimo stellt das Programm f\u00fcr 2026 vor"},"content":{"rendered":"<p>        <img decoding=\"async\" src=\"https:\/\/www.europesays.com\/de\/wp-content\/uploads\/2026\/03\/desimo-102.webp.webp\" alt=\"Zauberk\u00fcnstler Desimo ist der neue Intendant des Kleinen Festes und hat gro\u00dfe Pl\u00e4ne\" title=\"Zauberk\u00fcnstler Desimo ist der neue Intendant des Kleinen Festes und hat gro\u00dfe Pl\u00e4ne | Helge Kr\u00fcckeberg\" class=\"responsive\"\/><\/p>\n<p>\n                Stand: 14.03.2026 14:17 Uhr<\/p>\n<p class=\"preface\">Der neue Intendant des Kleinen Festes in den Herrenh\u00e4user G\u00e4rten hat das diesj\u00e4hrige Programm vorgestellt. Nach Zuschauer-R\u00fcckg\u00e4ngen und Verlusten in den vergangenen Jahren soll das Fest wieder erfolgreich werden. <\/p>\n<p class=\"\"><a href=\"https:\/\/www.ndr.de\/kultur\/kleines-fest-im-grossen-garten-desimo-soll-leitung-uebernehmen,kleinesfest-102.html\" title=\"&quot;Kleines Fest im Gro\u00dfen Garten&quot;: Desimo soll Leitung \u00fcbernehmen\" rel=\"nofollow noopener\" target=\"_blank\">Intendant Desimo<\/a> m\u00f6chte beim Kleinen Fest eine Mischung von den Dingen pr\u00e4sentieren, die unter seinen beiden Vorg\u00e4ngern gut angekommen sind. &#8222;Das Beste aus zwei Welten&#8220;, nennt er es. &#8222;Harald B\u00f6hlmann, 37 Jahre ein Lebenswerk, das ich irgendwie mit Leben f\u00fcllen muss. Casper de Vries mit neuen Eindr\u00fccken, die auch ein neues Publikum gewonnen haben&#8220;, sagt Desimo. Es sei seine Aufgabe, beide Erwartungshaltungen zusammenzubringen. Um das Kleine Fest gab es zuletzt viel Wirbel. Erst wurde Erfinder und Intendant Harald B\u00f6hlmann entlassen &#8211; dann gab es unter dem neuen Leiter Casper De Vries einen Zuschauer-R\u00fcckgang und massive Verluste &#8211; er trat nach zwei Jahren <a href=\"https:\/\/www.ndr.de\/kultur\/buehne\/kleines-fest-im-grossen-garten-intendant-de-vries-tritt-zurueck,kleinesfest-100.html\" title=\"&quot;Kleines Fest im Gro\u00dfen Garten&quot;: Intendant de Vries tritt zur\u00fcck\" rel=\"nofollow noopener\" target=\"_blank\">wieder zur\u00fcck<\/a>.<\/p>\n<p>    B\u00fchnen ziehen um &#8211; Font\u00e4nenbar bleibt<\/p>\n<p class=\"\">In diesem Jahr sollen die B\u00fchnen wieder mehr nach vorne in Richtung Schloss geholt werden, so Desimo, dorthin wo sie auch unter B\u00f6hlmann waren. Als Element von DeVries bleibe etwa die Font\u00e4nenbar erhalten, also die Gastronomie mit beleuchtetem Springbrunnen auf dem Dach. Ansonsten bietet Desimo einen bunten Mix aus Akrobatik, Comedy, Zirkus, Theater und Tanz mit alten Bekannten wie dem Teatro Pavana und dem TraumTanzTheater und neuen K\u00fcnstlern wie der Compagnia Italento. Die Pl\u00e4ne kommen bei Hannovers Sozialdezernentin Eva Bender gut an. Die Stadt habe das Ziel definiert, dass sich das Kleine Fest finanziell wieder selbst tragen soll, wenn Desimo es im dritten Jahr leitet. &#8222;Ich finde, es ist fair enough zu sagen: Da ist ein neuer Intendant. Der muss die M\u00f6glichkeit haben, das Kleine Fest wieder zu entwickeln.&#8220;<\/p>\n<p class=\"\">Das Kleine Fest in den Herrenh\u00e4user G\u00e4rten l\u00e4uft vom 2. Juli bis zum 16 Juli.<\/p>\n<p>        <img decoding=\"async\" src=\"https:\/\/www.europesays.com\/de\/wp-content\/uploads\/2026\/03\/desimo-100.webp.webp\" alt=\"Der Entertainer Desimo leitet k\u00fcnftig das Kleine Fest im Gro\u00dfen Garten in Hannover.\" title=\"Der Entertainer Desimo leitet k\u00fcnftig das Kleine Fest im Gro\u00dfen Garten in Hannover. | Niels Kristoph\" class=\"responsive\" loading=\"lazy\"\/><\/p>\n<p>Die Stadt Hannover hat den Zauberk\u00fcnstler vorgeschlagen. Stimmt die Politik zu, kann er im November als neuer Leiter starten.<\/p>\n<p>        <img decoding=\"async\" src=\"https:\/\/www.europesays.com\/de\/wp-content\/uploads\/2026\/03\/screenshot-11852.webp.webp\" alt=\"Drei Personen in Kost\u00fcmen und mit gro\u00dfen Pappmach\u00e9-K\u00f6pfen sowie Passanten in einem Park.\" title=\"Drei Personen in Kost\u00fcmen und mit gro\u00dfen Pappmach\u00e9-K\u00f6pfen sowie Passanten in einem Park. | Screenshot\" class=\"responsive\" loading=\"lazy\"\/><\/p>\n<p>Bis zum 27. Juli sind jeden Abend 121 Vorstellungen aus dem Bereich der Kleinkunst zu sehen. Kristina Hoffmann berichtet live.<\/p>\n<p>        <img decoding=\"async\" src=\"https:\/\/www.europesays.com\/de\/wp-content\/uploads\/2026\/03\/hannover14058.webp.webp\" alt=\"Gr\u00fcnanlagen in den Herrenh\u00e4user G\u00e4rten in Hannover\" title=\"Gr\u00fcnanlagen in den Herrenh\u00e4user G\u00e4rten in Hannover | HMTG, Hassan Mahramzadeh\" class=\"responsive\" loading=\"lazy\"\/><\/p>\n<p>Der Gro\u00dfe Garten z\u00e4hlt zu den bedeutendsten Barockg\u00e4rten und ist ein lohnendes Ausflugsziel. Jetzt feiert er 350. Geburtstag.<\/p>\n<p>        Schlagw\u00f6rter zu diesem Artikel<\/p>\n<p>            <a href=\"https:\/\/www.ndr.de\/nachrichten\/niedersachsen\/hannover_weser-leinegebiet\/Hannover-Aktuelle-News-und-Nachrichten,hannover18518.html\" rel=\"nofollow noopener\" target=\"_blank\">Hannover<\/a><\/p>\n","protected":false},"excerpt":{"rendered":"Stand: 14.03.2026 14:17 Uhr Der neue Intendant des Kleinen Festes in den Herrenh\u00e4user G\u00e4rten hat das diesj\u00e4hrige Programm&hellip;\n","protected":false},"author":2,"featured_media":868002,"comment_status":"","ping_status":"","sticky":false,"template":"","format":"standard","meta":{"footnotes":"","_share_on_mastodon":"0"},"categories":[1836],"tags":[242,590,3364,121977,29,30,46,10688,8755,87266,14,15,1411,7789],"class_list":["post-868001","post","type-post","status-publish","format-standard","has-post-thumbnail","category-hannover","tag-242","tag-aktuell","tag-de","tag-desimo","tag-deutschland","tag-germany","tag-hannover","tag-herrenhaeuser-gaerten","tag-intendant","tag-kleines-fest","tag-nachrichten","tag-news","tag-niedersachsen","tag-programm"],"share_on_mastodon":{"url":"https:\/\/pubeurope.com\/@de\/116227753329276464","error":""},"_links":{"self":[{"href":"https:\/\/www.europesays.com\/de\/wp-json\/wp\/v2\/posts\/868001","targetHints":{"allow":["GET"]}}],"collection":[{"href":"https:\/\/www.europesays.com\/de\/wp-json\/wp\/v2\/posts"}],"about":[{"href":"https:\/\/www.europesays.com\/de\/wp-json\/wp\/v2\/types\/post"}],"author":[{"embeddable":true,"href":"https:\/\/www.europesays.com\/de\/wp-json\/wp\/v2\/users\/2"}],"replies":[{"embeddable":true,"href":"https:\/\/www.europesays.com\/de\/wp-json\/wp\/v2\/comments?post=868001"}],"version-history":[{"count":0,"href":"https:\/\/www.europesays.com\/de\/wp-json\/wp\/v2\/posts\/868001\/revisions"}],"wp:featuredmedia":[{"embeddable":true,"href":"https:\/\/www.europesays.com\/de\/wp-json\/wp\/v2\/media\/868002"}],"wp:attachment":[{"href":"https:\/\/www.europesays.com\/de\/wp-json\/wp\/v2\/media?parent=868001"}],"wp:term":[{"taxonomy":"category","embeddable":true,"href":"https:\/\/www.europesays.com\/de\/wp-json\/wp\/v2\/categories?post=868001"},{"taxonomy":"post_tag","embeddable":true,"href":"https:\/\/www.europesays.com\/de\/wp-json\/wp\/v2\/tags?post=868001"}],"curies":[{"name":"wp","href":"https:\/\/api.w.org\/{rel}","templated":true}]}}