{"id":868130,"date":"2026-03-14T14:35:16","date_gmt":"2026-03-14T14:35:16","guid":{"rendered":"https:\/\/www.europesays.com\/de\/868130\/"},"modified":"2026-03-14T14:35:16","modified_gmt":"2026-03-14T14:35:16","slug":"wird-norwegen-zur-lebensader-fuer-europa","status":"publish","type":"post","link":"https:\/\/www.europesays.com\/de\/868130\/","title":{"rendered":"Wird Norwegen zur Lebensader f\u00fcr Europa?"},"content":{"rendered":"<p>Norwegen stellt sich angesichts neuer geopolitischer Spannungen demonstrativ als zentraler Energielieferant f\u00fcr Europa auf.<\/p>\n<p>Ministerpr\u00e4sident Jonas Gahr St\u00f8re sagte an einer Branchenkonferenz in Oslo laut <a href=\"https:\/\/www.politico.com\/news\/2026\/03\/13\/jd-vance-skeptical-iran-operation-00826780\" rel=\"nofollow noopener\" target=\"_blank\">Politico<\/a>: \u00abEs ist ein Krieg, der offenbar keinen Plan hat. In solch unberechenbaren Zeiten muss Norwegen verl\u00e4sslich sein.\u00bb<\/p>\n<p>Tats\u00e4chlich hat sich Norwegen seit dem russischen Angriff auf die Ukraine zum wichtigsten Pipeline-Gaslieferanten Europas entwickelt. Ein grosser Teil der F\u00f6rderung fliesst direkt in den europ\u00e4ischen Markt. Der Chef des Energiekonzerns Equinor, Anders Opedal, erkl\u00e4rte: \u00abDas gesamte Gas, das wir in Norwegen produzieren, geht nach Europa, und rund 90 bis 95 Prozent unseres \u00d6ls ebenfalls.\u00bb<\/p>\n<p>                <img src=\"https:\/\/www.europesays.com\/de\/wp-content\/uploads\/2026\/03\/553482240_highres-scaled-3-1024x649.jpg\" alt=\"Ole Berg-Rusten\/NTB\/Keystone\" itemprop=\"contentUrl\" class=\"story-img story-img--landscape\" loading=\"lazy\" decoding=\"async\"\/><\/p>\n<p>                                                    \u00dcbersicht \u00fcber die Energieanlage von Equinor auf der Insel Melk\u00f8ya bei Hammerfest in Norwegen. Seit dem Ukraine-Krieg sind Norwegens Gaseinnahmen stark gestiegen.<br \/>\n                                                                            <\/p>\n<p>                                        Ole Berg-Rusten\/NTB\/Keystone<\/p>\n<p>Gleichzeitig bremst Oslo allzu grosse Erwartungen. Energieminister Terje Aasland betonte, die Produktion laufe bereits nahe am Limit: \u00abWir sind derzeit am oberen Ende unserer F\u00f6rderkapazit\u00e4t.\u00bb Mehr Lieferungen seien nur mit neuen Investitionen und weiterer Exploration m\u00f6glich.<\/p>\n<p>Politisch sendet Norwegen dennoch eine klare Botschaft: Europa braucht weiterhin stabile fossile Energielieferanten. Oslo pr\u00e4sentiert sich deshalb als verl\u00e4sslicher Partner \u2013 gerade in Zeiten wachsender Unsicherheit auf den globalen Energiem\u00e4rkten.<\/p>\n","protected":false},"excerpt":{"rendered":"Norwegen stellt sich angesichts neuer geopolitischer Spannungen demonstrativ als zentraler Energielieferant f\u00fcr Europa auf. Ministerpr\u00e4sident Jonas Gahr St\u00f8re&hellip;\n","protected":false},"author":2,"featured_media":868131,"comment_status":"","ping_status":"","sticky":false,"template":"","format":"standard","meta":{"footnotes":"","_share_on_mastodon":"0"},"categories":[3933],"tags":[331,332,1149,548,663,158,3934,3935,1213,1403,13,14,15,913,1510,16,12,383,55],"class_list":["post-868130","post","type-post","status-publish","format-standard","has-post-thumbnail","category-eu","tag-aktuelle-nachrichten","tag-aktuelle-news","tag-energie","tag-eu","tag-europa","tag-europaeische-union","tag-europe","tag-european-union","tag-gas","tag-geopolitik","tag-headlines","tag-nachrichten","tag-news","tag-norwegen","tag-oel","tag-politik","tag-schlagzeilen","tag-umwelt","tag-wirtschaft"],"share_on_mastodon":{"url":"https:\/\/pubeurope.com\/@de\/116228032806139146","error":""},"_links":{"self":[{"href":"https:\/\/www.europesays.com\/de\/wp-json\/wp\/v2\/posts\/868130","targetHints":{"allow":["GET"]}}],"collection":[{"href":"https:\/\/www.europesays.com\/de\/wp-json\/wp\/v2\/posts"}],"about":[{"href":"https:\/\/www.europesays.com\/de\/wp-json\/wp\/v2\/types\/post"}],"author":[{"embeddable":true,"href":"https:\/\/www.europesays.com\/de\/wp-json\/wp\/v2\/users\/2"}],"replies":[{"embeddable":true,"href":"https:\/\/www.europesays.com\/de\/wp-json\/wp\/v2\/comments?post=868130"}],"version-history":[{"count":0,"href":"https:\/\/www.europesays.com\/de\/wp-json\/wp\/v2\/posts\/868130\/revisions"}],"wp:featuredmedia":[{"embeddable":true,"href":"https:\/\/www.europesays.com\/de\/wp-json\/wp\/v2\/media\/868131"}],"wp:attachment":[{"href":"https:\/\/www.europesays.com\/de\/wp-json\/wp\/v2\/media?parent=868130"}],"wp:term":[{"taxonomy":"category","embeddable":true,"href":"https:\/\/www.europesays.com\/de\/wp-json\/wp\/v2\/categories?post=868130"},{"taxonomy":"post_tag","embeddable":true,"href":"https:\/\/www.europesays.com\/de\/wp-json\/wp\/v2\/tags?post=868130"}],"curies":[{"name":"wp","href":"https:\/\/api.w.org\/{rel}","templated":true}]}}