{"id":868884,"date":"2026-03-14T21:34:19","date_gmt":"2026-03-14T21:34:19","guid":{"rendered":"https:\/\/www.europesays.com\/de\/868884\/"},"modified":"2026-03-14T21:34:19","modified_gmt":"2026-03-14T21:34:19","slug":"flammen-beschaedigen-stadtvilla-und-vernichten-autos","status":"publish","type":"post","link":"https:\/\/www.europesays.com\/de\/868884\/","title":{"rendered":"Flammen besch\u00e4digen Stadtvilla und vernichten Autos"},"content":{"rendered":"<ol class=\"id-DonaldBreadcrumb lp_west_breadcrumb id-DonaldBreadcrumb--default\" data-k5a-pos=\"west_breadcrumb\">\n<li class=\"id-Breadcrumb-item\"><a href=\"https:\/\/www.kreiszeitung.de\/\" class=\"id-Breadcrumb-link\" data-id-ec=\"{\" shn=\"\" textlink=\"\" data-k5a-pos=\"1_startseite\" rel=\"nofollow noopener\" target=\"_blank\">Startseite<\/a><\/li>\n<li class=\"id-Breadcrumb-item\"><a href=\"https:\/\/www.kreiszeitung.de\/lokales\/\" class=\"id-Breadcrumb-link\" data-id-ec=\"{\" shn=\"\" textlink=\"\" data-k5a-pos=\"2_lokales\" rel=\"nofollow noopener\" target=\"_blank\">Lokales<\/a><\/li>\n<li class=\"id-Breadcrumb-item\"><a href=\"https:\/\/www.kreiszeitung.de\/lokales\/niedersachsen\/\" class=\"id-Breadcrumb-link\" data-id-ec=\"{\" shn=\"\" textlink=\"\" data-k5a-pos=\"3_niedersachsen\" rel=\"nofollow noopener\" target=\"_blank\">Niedersachsen<\/a><\/li>\n<\/ol>\n<p class=\"id-Story-timestamp id-Story-timestamp--default\">Stand: 14.03.2026, 17:32 Uhr<\/p>\n<p class=\"id-Story-authors id-Story-authors--default\">Von: <a class=\"id-Story-authors-link lp_west_author\" href=\"https:\/\/www.kreiszeitung.de\/autor\/dierk-rohdenburg-96m1yko5n.html\" title=\"Zur Autorenseite von Dierk Rohdenburg\" data-id-ec=\"{\" shn=\"\" author-link=\"\" rohdenburg=\"\" data-k5a-pos=\"west_author\" rel=\"nofollow noopener\" target=\"_blank\">Dierk Rohdenburg<\/a><\/p>\n<p class=\"id-Story-interactionBar id-Story-interactionBar--default\">DruckenTeilen<\/p>\n<p><img decoding=\"async\" class=\"id-RatioPlaceholder-element wv_story_el_image\" src=\"https:\/\/www.europesays.com\/de\/wp-content\/uploads\/2026\/03\/41865719-mehrere-verletzte-gab-es-bei-einem-grossbrand-in-delmenhorst-m7a.jpg\" loading=\"eager\" fetchpriority=\"high\"   height=\"792\" width=\"1408\" alt=\"Mehrere Verletzte gab es bei einem Gro&#xDF;brand in Delmenhorst.\"\/>Mehrere Verletzte gab es bei einem Gro\u00dfbrand in Delmenhorst. \u00a9\u00a0Nonstopnews<\/p>\n<p class=\"id-StoryElement-leadText\">Gro\u00dfbrand in Delmenhorst. Flammen zerst\u00f6ren mehrere Autos und besch\u00e4digen ein Geb\u00e4ude. Ermittler pr\u00fcfen nun die Brandursache.<\/p>\n<p class=\"id-StoryElement-paragraph\">Delmenhorst \u2013 Mehrere Verletzte, darunter mindestens eine Person mit schweren Brandverletzungen, sind die Folge eines Gro\u00dfbrandes am Samstagnachmittag an der Nutzhorner Stra\u00dfe in einer zweigeschossigen Stadtvilla in Delmenhorst. Der Brand war nach ersten Angaben gegen 16.00 Uhr ausgebrochen.<\/p>\n<p class=\"id-StoryElement-paragraph\">Nach derzeitigem Ermittlungsstand der Polizei f\u00fchrten ein 53-j\u00e4hriger Delmenhorster sowie sein 20-j\u00e4hriger Sohn in der Garage Reparaturarbeiten an einem Pkw durch. Aus bislang unbekannter Ursache kam es zu dem Brand, dessen Feuer sich auf die gesamte Garage sowie mehrere Pkw ausbreitete. Durch das Feuer wurden insgesamt f\u00fcnf Autos sowie das neben der Garage befindliche Einfamilienhaus besch\u00e4digt. Das Einfamilienhaus blieb aber weiterhin bewohnbar. Es entstand ein Sachschaden von 150.000 Euro. Durch den Brand wurde der 20-J\u00e4hrige leicht und der 53-J\u00e4hrige schwer verletzt. Der schwer verletzte Mann wurde mittels Rettungshubschrauber in ein Krankenhaus verbracht.<\/p>\n<p class=\"id-StoryElement-paragraph\">Die Feuerwehr war mit einem Gro\u00dfaufgebot vor Ort, um ein weiteres \u00dcbergreifen der Flammen auf das Geb\u00e4ude und umliegende Bereiche zu verhindern. <\/p>\n<p>Weitere Polizeimeldung:<\/p>\n<p class=\"id-StoryElement-paragraph\">Unbekannte sind in ein Seniorenheim in der Th\u00fcringer Stra\u00dfe eingebrochen und haben dabei einen Schaden von rund 1.000 Euro verursacht. Die Tat ereignete sich nach Polizeiangaben in der Zeit von Dienstag, 10. M\u00e4rz 2026, 17:00 Uhr, bis Mittwoch, 11. M\u00e4rz 2026, etwa 6:30 Uhr.<\/p>\n<p class=\"id-StoryElement-paragraph\">In diesem Zeitraum verschafften sich die bislang unbekannten T\u00e4ter gewaltsam Zugang zu dem Geb\u00e4ude, indem sie mehrere Fenster aufhebelten. Anschlie\u00dfend durchw\u00fchlten sie die R\u00e4umlichkeiten des Seniorenheims und fl\u00fcchteten unerkannt, wie die Polizei Delmenhorst mitteilt.<\/p>\n<p class=\"id-StoryElement-paragraph\">Die Polizei Delmenhorst hat die Ermittlungen aufgenommen und bittet Zeugen, die verd\u00e4chtige Beobachtungen im Bereich der Th\u00fcringer Stra\u00dfe gemacht haben oder sonstige Hinweise geben k\u00f6nnen, sich zu melden. Hinweise werden telefonisch unter der Rufnummer 04221\/1559-0 entgegengenommen.<\/p>\n","protected":false},"excerpt":{"rendered":"Startseite Lokales Niedersachsen Stand: 14.03.2026, 17:32 Uhr Von: Dierk Rohdenburg DruckenTeilen Mehrere Verletzte gab es bei einem Gro\u00dfbrand&hellip;\n","protected":false},"author":2,"featured_media":868885,"comment_status":"","ping_status":"","sticky":false,"template":"","format":"standard","meta":{"footnotes":"","_share_on_mastodon":"0"},"categories":[1824],"tags":[2420,3364,29,30],"class_list":["post-868884","post","type-post","status-publish","format-standard","has-post-thumbnail","category-bremen","tag-bremen","tag-de","tag-deutschland","tag-germany"],"share_on_mastodon":{"url":"https:\/\/pubeurope.com\/@de\/116229680693940861","error":""},"_links":{"self":[{"href":"https:\/\/www.europesays.com\/de\/wp-json\/wp\/v2\/posts\/868884","targetHints":{"allow":["GET"]}}],"collection":[{"href":"https:\/\/www.europesays.com\/de\/wp-json\/wp\/v2\/posts"}],"about":[{"href":"https:\/\/www.europesays.com\/de\/wp-json\/wp\/v2\/types\/post"}],"author":[{"embeddable":true,"href":"https:\/\/www.europesays.com\/de\/wp-json\/wp\/v2\/users\/2"}],"replies":[{"embeddable":true,"href":"https:\/\/www.europesays.com\/de\/wp-json\/wp\/v2\/comments?post=868884"}],"version-history":[{"count":0,"href":"https:\/\/www.europesays.com\/de\/wp-json\/wp\/v2\/posts\/868884\/revisions"}],"wp:featuredmedia":[{"embeddable":true,"href":"https:\/\/www.europesays.com\/de\/wp-json\/wp\/v2\/media\/868885"}],"wp:attachment":[{"href":"https:\/\/www.europesays.com\/de\/wp-json\/wp\/v2\/media?parent=868884"}],"wp:term":[{"taxonomy":"category","embeddable":true,"href":"https:\/\/www.europesays.com\/de\/wp-json\/wp\/v2\/categories?post=868884"},{"taxonomy":"post_tag","embeddable":true,"href":"https:\/\/www.europesays.com\/de\/wp-json\/wp\/v2\/tags?post=868884"}],"curies":[{"name":"wp","href":"https:\/\/api.w.org\/{rel}","templated":true}]}}