{"id":868886,"date":"2026-03-14T21:35:24","date_gmt":"2026-03-14T21:35:24","guid":{"rendered":"https:\/\/www.europesays.com\/de\/868886\/"},"modified":"2026-03-14T21:35:24","modified_gmt":"2026-03-14T21:35:24","slug":"eintracht-frankfurt-verliert-in-der-frauen-bundesliga-gegen-werder-bremen-fussball-news","status":"publish","type":"post","link":"https:\/\/www.europesays.com\/de\/868886\/","title":{"rendered":"Eintracht Frankfurt verliert in der Frauen-Bundesliga gegen Werder Bremen | Fu\u00dfball News"},"content":{"rendered":"<p>Den Fu\u00dfballerinnen von Eintracht Frankfurt droht der Verlust des Champions-League-Platzes in der Bundesliga.<\/p>\n<p>Nach dem Aus im Viertelfinale des <a href=\"https:\/\/sport.sky.de\/frauen-dfb-pokal\" target=\"_blank\" rel=\"nofollow noopener\">DFB-Pokals<\/a> unterlag das Team von Trainer Niko Arnautis bei Verfolger <a href=\"https:\/\/sport.sky.de\/sv-werder-bremen\" rel=\"nofollow noopener\" target=\"_blank\">Werder Bremen<\/a> trotz einer 2:0-F\u00fchrung mit 2:4 (2:2). Die <a href=\"https:\/\/sport.sky.de\/tsg-1899-hoffenheim\" rel=\"nofollow noopener\" target=\"_blank\">TSG Hoffenheim<\/a> und <a href=\"https:\/\/sport.sky.de\/bayer-04-leverkusen\" rel=\"nofollow noopener\" target=\"_blank\">Bayer Leverkusen<\/a> k\u00f6nnen am Sonntag vorbeiziehen und Rang drei erobern, der zur Teilnahme an der Qualifikation zur <a href=\"https:\/\/sport.sky.de\/women-s-champions-league\" target=\"_blank\" rel=\"nofollow noopener\">K\u00f6nigsklasse <\/a>berechtigt.<\/p>\n<p>Nationalspielerin Nicole Anyomi verwandelte zun\u00e4chst einen Freisto\u00df zur Frankfurter F\u00fchrung (23.), dann bereitete sie den Treffer von Rebecka Blomqvist (26.) vor. Jung-Nationalspielerin Larissa M\u00fchlhaus glich allerdings noch vor der Pause per Doppelpack (44.\/45.+2) aus. Auch am F\u00fchrungstor von Mara Alber (52.) war die starke M\u00fchlhaus beteiligt, f\u00fcr die Entscheidung sorgte Medina Desic (90.).<\/p>\n<p>Die Bremerinnen schoben sich bei einem Spiel weniger bis auf einen Punkt an die G\u00e4ste heran. Ebenso wie die Eintracht war Bremen unter der Woche im DFB-Pokal gescheitert.<\/p>\n<p><a href=\"https:\/\/sport.sky.de\/artikel\/sport-informations-dienst-sid\/11630363\/34240\" target=\"_blank\" rel=\"nofollow noopener\">SID<\/a><\/p>\n<p>Alle weiteren wichtigen Nachrichten aus der Sportwelt gibt es im <a href=\"https:\/\/sport.sky.de\/artikel\/news-update-aktuelle-sport-news-im-ticker\/12133712\/35311\" target=\"_blank\" rel=\"nofollow noopener\">News Update<\/a> nachzulesen.<\/p>\n","protected":false},"excerpt":{"rendered":"Den Fu\u00dfballerinnen von Eintracht Frankfurt droht der Verlust des Champions-League-Platzes in der Bundesliga. Nach dem Aus im Viertelfinale&hellip;\n","protected":false},"author":2,"featured_media":868887,"comment_status":"","ping_status":"","sticky":false,"template":"","format":"standard","meta":{"footnotes":"","_share_on_mastodon":"0"},"categories":[1824],"tags":[2420,3364,29,30],"class_list":["post-868886","post","type-post","status-publish","format-standard","has-post-thumbnail","category-bremen","tag-bremen","tag-de","tag-deutschland","tag-germany"],"share_on_mastodon":{"url":"https:\/\/pubeurope.com\/@de\/116229683629415296","error":""},"_links":{"self":[{"href":"https:\/\/www.europesays.com\/de\/wp-json\/wp\/v2\/posts\/868886","targetHints":{"allow":["GET"]}}],"collection":[{"href":"https:\/\/www.europesays.com\/de\/wp-json\/wp\/v2\/posts"}],"about":[{"href":"https:\/\/www.europesays.com\/de\/wp-json\/wp\/v2\/types\/post"}],"author":[{"embeddable":true,"href":"https:\/\/www.europesays.com\/de\/wp-json\/wp\/v2\/users\/2"}],"replies":[{"embeddable":true,"href":"https:\/\/www.europesays.com\/de\/wp-json\/wp\/v2\/comments?post=868886"}],"version-history":[{"count":0,"href":"https:\/\/www.europesays.com\/de\/wp-json\/wp\/v2\/posts\/868886\/revisions"}],"wp:featuredmedia":[{"embeddable":true,"href":"https:\/\/www.europesays.com\/de\/wp-json\/wp\/v2\/media\/868887"}],"wp:attachment":[{"href":"https:\/\/www.europesays.com\/de\/wp-json\/wp\/v2\/media?parent=868886"}],"wp:term":[{"taxonomy":"category","embeddable":true,"href":"https:\/\/www.europesays.com\/de\/wp-json\/wp\/v2\/categories?post=868886"},{"taxonomy":"post_tag","embeddable":true,"href":"https:\/\/www.europesays.com\/de\/wp-json\/wp\/v2\/tags?post=868886"}],"curies":[{"name":"wp","href":"https:\/\/api.w.org\/{rel}","templated":true}]}}