{"id":869077,"date":"2026-03-14T23:22:17","date_gmt":"2026-03-14T23:22:17","guid":{"rendered":"https:\/\/www.europesays.com\/de\/869077\/"},"modified":"2026-03-14T23:22:17","modified_gmt":"2026-03-14T23:22:17","slug":"quiz-mit-raab-und-schoeneberger-tango-mit-llambi-endet-im-hosen-drama-unterhaltung","status":"publish","type":"post","link":"https:\/\/www.europesays.com\/de\/869077\/","title":{"rendered":"Quiz mit Raab und Sch\u00f6neberger: Tango mit Llambi endet im Hosen-Drama | Unterhaltung"},"content":{"rendered":"<p><a class=\"skip-content skip-content--link\" href=\"#in-content-skip-link-target-v-0-0\">TTS-Player \u00fcberspringen\u21b5<\/a><a id=\"in-content-skip-link-target-v-0-0\" class=\"skip-content--target-link-hidden skip-content skip-content--target-link\" href=\"#in-content-skip-link-target-v-0-0\">Artikel weiterlesen<\/a><\/p>\n<p>H\u00fcrth (NRW) \u2013 <b>Eine neue Fernsehshow\u00a0\u2013 und das mit den TV-Urgesteinen Barbara Sch\u00f6neberger (52) und Stefan Raab (59)! Am Samstagabend pr\u00e4sentierten die beiden \u201eWer wei\u00df, wie wann was war \u2013 die Show der Generationen\u201c. Dabei wurde gesungen, geraten und nat\u00fcrlich auch viel gewitzelt. Sch\u00f6neberger begr\u00fc\u00dfte Raab schon mit den Worten: \u201eLass uns das nicht versauen, denn dann moderieren es die Kaulitz-Zwillinge!\u201c<\/b><\/p>\n<p>Worum geht es in der neuen Show? Das Publikum wird im Studio in drei Generationen zu je 100 Personen aufgeteilt: 20\u201339 Jahre, 40\u201359 Jahre und \u00fcber 60 Jahre. Jede Generation spielt als Team mit zwei prominenten Paten. In mehreren Quizrunden beantworten die Teams Fragen zu Popkultur, Fernsehen, Musik und Ereignissen aus verschiedenen Jahrzehnten. Die Generation mit den meisten Punkten gewinnt am Ende das Preisgeld von bis zu 100.000 Euro.<\/p>\n<p><img decoding=\"async\" width=\"992\" height=\"558\" alt=\"V.l.: Max Giesinger (37), Ricarda Lang (32), Christine Neubauer (63), Barbara Sch\u00f6neberger (52), Stefan Raab (59), Ingolf L\u00fcck (67) Frank Rosin (59) und \u00d6zcan Co\u015far (44)\" src=\"https:\/\/www.europesays.com\/de\/wp-content\/uploads\/2026\/03\/c9ff795c96776ebc237b38f2e37ddc5c,9adebb18.jpeg\"   class=\"landscape\" loading=\"lazy\"\/><\/p>\n<p class=\"fig__caption__text\">V.l.: Max Giesinger (37), Ricarda Lang (32), Christine Neubauer (63), Barbara Sch\u00f6neberger (52), Stefan Raab (59), Ingolf L\u00fcck (67) Frank Rosin (59) und \u00d6zcan Co\u015far (44) <\/p>\n<p>Foto: Folge 01<\/p>\n<p>Bei den 20-39-J\u00e4hrigen unterst\u00fctzen Gr\u00fcnen-Politikerin Ricarda Lang (32) und Singer-Songwriter Max Giesinger (37), die Kandidaten zwischen 40 und 59 haben Comedian \u00d6zcan Co\u015far (44) und TV-Koch Frank Rosin (59) an ihrer Seite, bei den Senioren raten Schauspielerin Christine Neubauer (63) und Comedian Ingolf L\u00fcck (67) mit. <\/p>\n<p>Sch\u00f6neberger nietet Raab um<\/p>\n<p><a href=\"https:\/\/www.bild.de\/themen\/personen\/barbara-schoeneberger\/fotos-video-starnews-19689738.bild.html\" class=\"text-link\" rel=\"nofollow noopener\" target=\"_blank\">Sch\u00f6neberger <\/a>und Raab pr\u00e4sentieren die Fragen launig: <a href=\"https:\/\/www.bild.de\/themen\/personen\/stefan-raab\/moderator-entertainer-alleskoenner-15816586.bild.html\" class=\"text-link\" rel=\"nofollow noopener\" target=\"_blank\">Stefan Raab<\/a> landet pl\u00f6tzlich mit Per\u00fccke im Musikvideo von DJ Bobos \u201eThere\u2019s a party\u201c und als S\u00e4nger bei \u201eWake me up before you go-go\u201c. Barbara zeigt sich hingegen als Tina Turner und schmettert ein Queen-Medley im Studio. Beim Dreh zur Parodie des Musikvideos von \u201eWrecking Ball\u201c von Miley Cyrus erwischt es Raab allerdings hart. Als Barbara auf dem Riesenball umherschwingt, nietet sie ihren Co-Moderator um, der sich anschlie\u00dfend den Kopf h\u00e4lt. Raab: \u201eDas hat gebimmelt!\u201c <\/p>\n<p><img decoding=\"async\" width=\"992\" height=\"641\" alt=\"\" src=\"https:\/\/www.europesays.com\/de\/wp-content\/uploads\/2026\/03\/98eb60620b2ffc52c97fe660943913ad,bf77924a.jpeg\"   class=\"dynamic\" loading=\"lazy\"\/><\/p>\n<p>Foto: Folge 01<\/p>\n<p>Bei \u201eLet\u2019s Dance\u201c-Juror Joachim Llambi (61) wagen sich die beiden in einem Einspieler sogar in eine Tangostunde. Auch hier muss Raab leiden: Ihm platzt die Hose. Er beschwert sich: \u201eIhr habt mir die Sachen zu eng besorgt!\u201c Die darauffolgende Frage f\u00fcr die Rate-Teams: \u201eWer hat die erste Staffel von \u201aLet\u2019s Dance\u2018 gewonnen?\u201c<\/p>\n<p><img decoding=\"async\" width=\"992\" height=\"661\" alt=\"Frank und \u00d6zcan unterst\u00fctzen die Kandidaten zwischen 40 und 59 und verhelfen ihnen am Ende zum Sieg\" src=\"https:\/\/www.europesays.com\/de\/wp-content\/uploads\/2026\/03\/6fa0860d3945a14ebf202cc718f898ed,e406d3b0.jpeg\"   class=\"dynamic\" loading=\"lazy\"\/><\/p>\n<p class=\"fig__caption__text\">Frank und \u00d6zcan unterst\u00fctzen die Kandidaten zwischen 40 und 59 und verhelfen ihnen am Ende zum Sieg<\/p>\n<p>Foto: Folge 01<\/p>\n<p>Mehr zum ThemaDie Finalfrage dreht sich um Fu\u00dfball<\/p>\n<p>Am Ende spielt der beste Kandidat aus der Publikumsgruppe mit den Promiteams\u00a0\u2013 und die kommen ordentlich ins Schwitzen. F\u00fcr die Gruppe der 40\u201359-j\u00e4hrigen kommt es am Ende zur alles entscheidenden Frage: \u201eWer schoss im Fu\u00dfball-WM-Finale 1990 f\u00fcr Deutschland das entscheidende 1:0 gegen Argentinien?\u201c Frank Rosin antwortet richtig: \u201eAndy Brehme.\u201c \u2013 und verhilft damit seiner Publikumsgruppe zu einem Gewinn von insgesamt 60.400 Euro, also 604 Euro f\u00fcr jeden. <\/p>\n","protected":false},"excerpt":{"rendered":"TTS-Player \u00fcberspringen\u21b5Artikel weiterlesen H\u00fcrth (NRW) \u2013 Eine neue Fernsehshow\u00a0\u2013 und das mit den TV-Urgesteinen Barbara Sch\u00f6neberger (52) und&hellip;\n","protected":false},"author":2,"featured_media":869078,"comment_status":"","ping_status":"","sticky":false,"template":"","format":"standard","meta":{"footnotes":"","_share_on_mastodon":"0"},"categories":[1776],"tags":[1801,29,214,30,5615,1802,41077,640,215],"class_list":["post-869077","post","type-post","status-publish","format-standard","has-post-thumbnail","category-prominente","tag-celebrities","tag-deutschland","tag-entertainment","tag-germany","tag-let","tag-prominente","tag-raab-stefan","tag-rtl","tag-unterhaltung"],"share_on_mastodon":{"url":"https:\/\/pubeurope.com\/@de\/116230104599307855","error":""},"_links":{"self":[{"href":"https:\/\/www.europesays.com\/de\/wp-json\/wp\/v2\/posts\/869077","targetHints":{"allow":["GET"]}}],"collection":[{"href":"https:\/\/www.europesays.com\/de\/wp-json\/wp\/v2\/posts"}],"about":[{"href":"https:\/\/www.europesays.com\/de\/wp-json\/wp\/v2\/types\/post"}],"author":[{"embeddable":true,"href":"https:\/\/www.europesays.com\/de\/wp-json\/wp\/v2\/users\/2"}],"replies":[{"embeddable":true,"href":"https:\/\/www.europesays.com\/de\/wp-json\/wp\/v2\/comments?post=869077"}],"version-history":[{"count":0,"href":"https:\/\/www.europesays.com\/de\/wp-json\/wp\/v2\/posts\/869077\/revisions"}],"wp:featuredmedia":[{"embeddable":true,"href":"https:\/\/www.europesays.com\/de\/wp-json\/wp\/v2\/media\/869078"}],"wp:attachment":[{"href":"https:\/\/www.europesays.com\/de\/wp-json\/wp\/v2\/media?parent=869077"}],"wp:term":[{"taxonomy":"category","embeddable":true,"href":"https:\/\/www.europesays.com\/de\/wp-json\/wp\/v2\/categories?post=869077"},{"taxonomy":"post_tag","embeddable":true,"href":"https:\/\/www.europesays.com\/de\/wp-json\/wp\/v2\/tags?post=869077"}],"curies":[{"name":"wp","href":"https:\/\/api.w.org\/{rel}","templated":true}]}}