{"id":869102,"date":"2026-03-14T23:36:29","date_gmt":"2026-03-14T23:36:29","guid":{"rendered":"https:\/\/www.europesays.com\/de\/869102\/"},"modified":"2026-03-14T23:36:29","modified_gmt":"2026-03-14T23:36:29","slug":"hallescher-fc-rueckstand-beim-bfc-preussen-gedreht-naechster-hfc-sieg-fuer-die-tonne-sport","status":"publish","type":"post","link":"https:\/\/www.europesays.com\/de\/869102\/","title":{"rendered":"Hallescher FC: R\u00fcckstand beim BFC Preussen gedreht! N\u00e4chster HFC-Sieg f\u00fcr die Tonne | Sport"},"content":{"rendered":"<p><a class=\"skip-content skip-content--link\" href=\"#in-content-skip-link-target-v-0-0\">TTS-Player \u00fcberspringen\u21b5<\/a><a id=\"in-content-skip-link-target-v-0-0\" class=\"skip-content--target-link-hidden skip-content skip-content--target-link\" href=\"#in-content-skip-link-target-v-0-0\">Artikel weiterlesen<\/a><\/p>\n<p><b>H\u00e4tte die Viertliga-Profis vom Halleschen FC mal vor der Winterpause so konstant gepunktet! Dann k\u00f6nnten sich Klub und Fans auf ein spannendes Finale um die Meisterschaft in der Regionalliga Nordost freuen. K\u00f6nnten &#8230;<\/b><\/p>\n<p>Der HFC gewann das siebte von acht R\u00fcckrundenspielen, siegte 3:1 bei Aufsteiger BFC Preussen. Halle schob sich am <a href=\"https:\/\/www.bild.de\/sport\/fussball\/fc-carl-zeiss-jena\/startseite-jena-57214324.bild.html\" class=\"text-link\" rel=\"nofollow noopener\" target=\"_blank\">FC Carl Zeiss Jena<\/a> vorbei auf Platz zwei, hat nur noch f\u00fcnf Punkte R\u00fcckstand auf Spitzenreiter Lok Leipzig. Leider der n\u00e4chste Sieg f\u00fcr die Tonne! Denn der Aufstiegs-Zug ist schon im Dezember abgefahren \u2013 da beschloss der Klub, keinen Antrag auf Lizenz f\u00fcr Liga drei zu stellen.<\/p>\n<p>Klub-Boss Fox zur\u00fcckgetreten<\/p>\n<p>Auch deshalb gab es in der vergangenen Woche Unruhe. <a href=\"https:\/\/www.bild.de\/sport\/fussball\/hallescher-fc-praesident-juergen-fox-tritt-mit-sofortiger-wirkung-zurueck-69b419e417184da7cffd8ad1\" class=\"text-link\" rel=\"nofollow noopener\" target=\"_blank\">HFC-Pr\u00e4sident J\u00fcrgen Fox (58) <\/a>trat zur\u00fcck. Zuvor hatte es Proteste und Plakate der Fans gegen ihn gegeben. Und Unruhe wegen der Trennung von Finanzchef und Ex-Hansa-Boss Robert Marien.    <\/p>\n<p>Halle liegt nach 33 Minuten hinten<\/p>\n<p>Die Unruhe bei den Bossen schien zun\u00e4chst auch an der Mannschaft nicht spurlos vor\u00fcber zu gehen. Denn die Gastgeber erwischen den besseren Start. Preussen kommt zu den gef\u00e4hrlicheren Chancen und belohnt sich in der 33. Minute: Frank k\u00f6pft nach einer Ecke zum 1:0 ein.<\/p>\n<p>Hauptmann gelingt der Ausgleich<\/p>\n<p>Wohl der Weckruf f\u00fcr die Mannschaft von Trainer Robert Schr\u00f6der! Der HFC \u00fcbernimmt in der Folgezeit zunehmend die Kontrolle. Nach der Pause dr\u00fccken die Hallenser mit Macht Richtung BFC-Tor \u2013 und werden belohnt. In der 60. Minute landet ein geblockter Freisto\u00df bei Marius Hauptmann. Der zieht knallhart aus der Distanz ab und trifft zum 1:1!<\/p>\n<p>Tor von Ehrlich dreht das Spiel<\/p>\n<p>Jetzt ist Halle am Dr\u00fccker, will das Spiel drehen. Nur neun Minuten sp\u00e4ter schl\u00e4gt der Joker zu: Lucas Ehrlich steht frei vor dem Tor und schiebt zur 2:1-F\u00fchrung ein (69.).<\/p>\n<p>Preussen versucht noch einmal zur\u00fcckzukommen, doch die HFC-Defensive macht keine Fehler. In der Nachspielzeit f\u00e4llt dann die endg\u00fcltige Entscheidung: Nach Foul an Damelang gibt es Elfmeter. Max Kulke bleibt cool und verwandelt zum 3:1-Endstand.<\/p>\n","protected":false},"excerpt":{"rendered":"TTS-Player \u00fcberspringen\u21b5Artikel weiterlesen H\u00e4tte die Viertliga-Profis vom Halleschen FC mal vor der Winterpause so konstant gepunktet! Dann k\u00f6nnten&hellip;\n","protected":false},"author":2,"featured_media":869103,"comment_status":"","ping_status":"","sticky":false,"template":"","format":"standard","meta":{"footnotes":"","_share_on_mastodon":"0"},"categories":[1860],"tags":[3364,29,548,663,3934,347,30,4062,17332,12435,13,14,15,3459,3458,17331,860,24116,12,3460,4581,45],"class_list":["post-869102","post","type-post","status-publish","format-standard","has-post-thumbnail","category-halle-saale","tag-de","tag-deutschland","tag-eu","tag-europa","tag-europe","tag-fussball","tag-germany","tag-halle","tag-halle-saale","tag-hallescher-fc","tag-headlines","tag-nachrichten","tag-news","tag-regionalliga","tag-regionalliga-nordost","tag-saale","tag-sachsen-anhalt","tag-sachsen-anhalt-regional-news","tag-schlagzeilen","tag-sport-leuchtturm-leipzig","tag-sport-tag-im-ticker","tag-texttospeech"],"share_on_mastodon":{"url":"https:\/\/pubeurope.com\/@de\/116230159485559104","error":""},"_links":{"self":[{"href":"https:\/\/www.europesays.com\/de\/wp-json\/wp\/v2\/posts\/869102","targetHints":{"allow":["GET"]}}],"collection":[{"href":"https:\/\/www.europesays.com\/de\/wp-json\/wp\/v2\/posts"}],"about":[{"href":"https:\/\/www.europesays.com\/de\/wp-json\/wp\/v2\/types\/post"}],"author":[{"embeddable":true,"href":"https:\/\/www.europesays.com\/de\/wp-json\/wp\/v2\/users\/2"}],"replies":[{"embeddable":true,"href":"https:\/\/www.europesays.com\/de\/wp-json\/wp\/v2\/comments?post=869102"}],"version-history":[{"count":0,"href":"https:\/\/www.europesays.com\/de\/wp-json\/wp\/v2\/posts\/869102\/revisions"}],"wp:featuredmedia":[{"embeddable":true,"href":"https:\/\/www.europesays.com\/de\/wp-json\/wp\/v2\/media\/869103"}],"wp:attachment":[{"href":"https:\/\/www.europesays.com\/de\/wp-json\/wp\/v2\/media?parent=869102"}],"wp:term":[{"taxonomy":"category","embeddable":true,"href":"https:\/\/www.europesays.com\/de\/wp-json\/wp\/v2\/categories?post=869102"},{"taxonomy":"post_tag","embeddable":true,"href":"https:\/\/www.europesays.com\/de\/wp-json\/wp\/v2\/tags?post=869102"}],"curies":[{"name":"wp","href":"https:\/\/api.w.org\/{rel}","templated":true}]}}