{"id":869109,"date":"2026-03-14T23:40:14","date_gmt":"2026-03-14T23:40:14","guid":{"rendered":"https:\/\/www.europesays.com\/de\/869109\/"},"modified":"2026-03-14T23:40:14","modified_gmt":"2026-03-14T23:40:14","slug":"feuerwehr-rueckt-aus-eichhoernchen-verklettert-sich-panorama","status":"publish","type":"post","link":"https:\/\/www.europesays.com\/de\/869109\/","title":{"rendered":"Feuerwehr r\u00fcckt aus &#8211; Eichh\u00f6rnchen verklettert sich &#8211; Panorama"},"content":{"rendered":"<p data-manual=\"paragraph\" data-schema-org-speakable=\"true\" class=\"css-1eosz7k\"><a href=\"https:\/\/www.sueddeutsche.de\/thema\/Braunschweig\" rel=\"nofollow noopener\" target=\"_blank\">Braunschweig<\/a> (dpa) &#8211; Von einem H\u00f6henrettungstrupp der Feuerwehr ist in Braunschweig ein Eichh\u00f6rnchen gerettet worden. Es hatte sich verklettert und steckte am Nachmittag so ungl\u00fccklich in einer Pflanze an der Fassade eines Wohnhauses fest, dass es sich nicht mehr selbstst\u00e4ndig befreien konnte.<\/p>\n<p data-manual=\"paragraph\" data-schema-org-speakable=\"true\" class=\"css-1eosz7k\">Wie die Feuerwehr mitteilte, schlugen Anwohner Alarm. Die zun\u00e4chst anger\u00fcckte Braunschweiger Tierrettung verschaffte sich einen \u00dcberblick \u00fcber die Lage, weil das Eichh\u00f6rnchen aber in etwa 14 Metern H\u00f6he feststeckte, konnten die Tierretter es mit ihren M\u00f6glichkeiten nicht befreien.<\/p>\n<p>Tier steckt in 14 Meter H\u00f6he fest\u00a0<\/p>\n<p data-manual=\"paragraph\" data-schema-org-speakable=\"true\" class=\"css-1eosz7k\">Sie zogen deswegen zur Unterst\u00fctzung die Feuerwehr hinzu &#8211; und weil an der Einsatzstelle keine tragbaren Leitern eingesetzt werden konnten, r\u00fcckte schlie\u00dflich der H\u00f6henrettungstrupp der Feuerwehr an.\u00a0<\/p>\n<p data-manual=\"paragraph\" data-schema-org-speakable=\"true\" class=\"css-1eosz7k\">Die M\u00e4nner verschafften sich \u00fcber das Dach Zugang und seilten sich anschlie\u00dfend zu dem kleinen Tier ab. Dann gelang es einem der Feuerwehrleute, das Tier vorsichtig aus der Kletterpflanze zu befreien. Nach der erfolgreichen Rettung kam das H\u00f6rnchen vorsorglich zur Untersuchung zu einem Tierarzt.<\/p>\n<p data-manual=\"paragraph\" data-schema-org-speakable=\"true\" class=\"css-1eosz7k\">\u00a9 dpa-infocom, dpa:260314-930-817407\/1<\/p>\n","protected":false},"excerpt":{"rendered":"Braunschweig (dpa) &#8211; Von einem H\u00f6henrettungstrupp der Feuerwehr ist in Braunschweig ein Eichh\u00f6rnchen gerettet worden. Es hatte sich&hellip;\n","protected":false},"author":2,"featured_media":869110,"comment_status":"","ping_status":"","sticky":false,"template":"","format":"standard","meta":{"footnotes":"","_share_on_mastodon":"0"},"categories":[1850],"tags":[6429,18954,3364,29,548,663,3934,30,13,14,15,1411,1974,12,149,2631,1886,7490],"class_list":["post-869109","post","type-post","status-publish","format-standard","has-post-thumbnail","category-braunschweig","tag-braunschweig","tag-buntes","tag-de","tag-deutschland","tag-eu","tag-europa","tag-europe","tag-germany","tag-headlines","tag-nachrichten","tag-news","tag-niedersachsen","tag-panorama","tag-schlagzeilen","tag-sueddeutsche-zeitung","tag-tier","tag-tiere","tag-vermischtes"],"share_on_mastodon":{"url":"https:\/\/pubeurope.com\/@de\/116230175175855034","error":""},"_links":{"self":[{"href":"https:\/\/www.europesays.com\/de\/wp-json\/wp\/v2\/posts\/869109","targetHints":{"allow":["GET"]}}],"collection":[{"href":"https:\/\/www.europesays.com\/de\/wp-json\/wp\/v2\/posts"}],"about":[{"href":"https:\/\/www.europesays.com\/de\/wp-json\/wp\/v2\/types\/post"}],"author":[{"embeddable":true,"href":"https:\/\/www.europesays.com\/de\/wp-json\/wp\/v2\/users\/2"}],"replies":[{"embeddable":true,"href":"https:\/\/www.europesays.com\/de\/wp-json\/wp\/v2\/comments?post=869109"}],"version-history":[{"count":0,"href":"https:\/\/www.europesays.com\/de\/wp-json\/wp\/v2\/posts\/869109\/revisions"}],"wp:featuredmedia":[{"embeddable":true,"href":"https:\/\/www.europesays.com\/de\/wp-json\/wp\/v2\/media\/869110"}],"wp:attachment":[{"href":"https:\/\/www.europesays.com\/de\/wp-json\/wp\/v2\/media?parent=869109"}],"wp:term":[{"taxonomy":"category","embeddable":true,"href":"https:\/\/www.europesays.com\/de\/wp-json\/wp\/v2\/categories?post=869109"},{"taxonomy":"post_tag","embeddable":true,"href":"https:\/\/www.europesays.com\/de\/wp-json\/wp\/v2\/tags?post=869109"}],"curies":[{"name":"wp","href":"https:\/\/api.w.org\/{rel}","templated":true}]}}