{"id":869187,"date":"2026-03-15T00:28:16","date_gmt":"2026-03-15T00:28:16","guid":{"rendered":"https:\/\/www.europesays.com\/de\/869187\/"},"modified":"2026-03-15T00:28:16","modified_gmt":"2026-03-15T00:28:16","slug":"sorry-volt-warum-ich-keine-kleinparteien-waehle-meinung-nachrichten-aus-waiblingen","status":"publish","type":"post","link":"https:\/\/www.europesays.com\/de\/869187\/","title":{"rendered":"Sorry, Volt: Warum ich keine Kleinparteien w\u00e4hle (Meinung) &#8211; Nachrichten aus Waiblingen"},"content":{"rendered":"<p><strong>Waiblingen.<\/strong> Als ich vor der Landtagswahl spa\u00dfeshalber den Wahlomat bet\u00e4tigt habe, stand bei mir die Partei \u201eVolt\u201c ganz oben. Gew\u00e4hlt habe ich sie nicht. Ich habe ein Problem mit Kleinparteien &#8211; selbst dann, wenn ich, wie in diesem Fall, viele ihrer Positionen teile. Nicht alle: Aus Anlass ihres \u201eAchtungserfolgs\u201c im Wahlkreis Waiblingen und anderswo schl\u00e4gt die Partei vor, das Wahlrecht so zu \u00e4ndern, dass die W\u00e4hler \u201eErsatzstimmen\u201c vergeben k\u00f6nnen. Wollen wir ernsthaft noch<\/p>\n","protected":false},"excerpt":{"rendered":"Waiblingen. Als ich vor der Landtagswahl spa\u00dfeshalber den Wahlomat bet\u00e4tigt habe, stand bei mir die Partei \u201eVolt\u201c ganz&hellip;\n","protected":false},"author":2,"featured_media":869188,"comment_status":"","ping_status":"","sticky":false,"template":"","format":"standard","meta":{"footnotes":"","_share_on_mastodon":"0"},"categories":[1830],"tags":[30734,1634,3364,146,29,192310,663,30,192311,56228,192312,10241,47137,192313,192314,1441,192316,2534,192315,9887,28557],"class_list":["post-869187","post","type-post","status-publish","format-standard","has-post-thumbnail","category-stuttgart","tag-volt","tag-baden-wuerttemberg","tag-de","tag-demokratie","tag-deutschland","tag-ersatzstimme","tag-europa","tag-germany","tag-hauptstimme","tag-kandidatin","tag-kleinstparteien","tag-kompromiss","tag-landtagswahl-2026","tag-marie-kuehne","tag-splitterpartei","tag-stuttgart","tag-un_sag-mir-deine-meinung","tag-wahl","tag-wahlkreis-waiblingen","tag-waiblingen","tag-zersplitterung"],"share_on_mastodon":{"url":"https:\/\/pubeurope.com\/@de\/116230363951510958","error":""},"_links":{"self":[{"href":"https:\/\/www.europesays.com\/de\/wp-json\/wp\/v2\/posts\/869187","targetHints":{"allow":["GET"]}}],"collection":[{"href":"https:\/\/www.europesays.com\/de\/wp-json\/wp\/v2\/posts"}],"about":[{"href":"https:\/\/www.europesays.com\/de\/wp-json\/wp\/v2\/types\/post"}],"author":[{"embeddable":true,"href":"https:\/\/www.europesays.com\/de\/wp-json\/wp\/v2\/users\/2"}],"replies":[{"embeddable":true,"href":"https:\/\/www.europesays.com\/de\/wp-json\/wp\/v2\/comments?post=869187"}],"version-history":[{"count":0,"href":"https:\/\/www.europesays.com\/de\/wp-json\/wp\/v2\/posts\/869187\/revisions"}],"wp:featuredmedia":[{"embeddable":true,"href":"https:\/\/www.europesays.com\/de\/wp-json\/wp\/v2\/media\/869188"}],"wp:attachment":[{"href":"https:\/\/www.europesays.com\/de\/wp-json\/wp\/v2\/media?parent=869187"}],"wp:term":[{"taxonomy":"category","embeddable":true,"href":"https:\/\/www.europesays.com\/de\/wp-json\/wp\/v2\/categories?post=869187"},{"taxonomy":"post_tag","embeddable":true,"href":"https:\/\/www.europesays.com\/de\/wp-json\/wp\/v2\/tags?post=869187"}],"curies":[{"name":"wp","href":"https:\/\/api.w.org\/{rel}","templated":true}]}}