{"id":869398,"date":"2026-03-15T02:28:14","date_gmt":"2026-03-15T02:28:14","guid":{"rendered":"https:\/\/www.europesays.com\/de\/869398\/"},"modified":"2026-03-15T02:28:14","modified_gmt":"2026-03-15T02:28:14","slug":"arena-ballsaal-partymeile-andre-rieu-laesst-fans-in-sap-arena-walzer-tanzen-mannheim","status":"publish","type":"post","link":"https:\/\/www.europesays.com\/de\/869398\/","title":{"rendered":"Arena, Ballsaal, Partymeile: Andr\u00e9 Rieu l\u00e4sst Fans in SAP-Arena Walzer tanzen &#8211; Mannheim"},"content":{"rendered":"<p class=\"rhp-dpa-teaser\"><b>Walzer, Operette und gro\u00dfe Emotionen:  Der niederl\u00e4ndische Star-Geiger Andr\u00e9 Rieu zeigt in der SAP-Arena mit seinem Johann-Strauss-Orchester wie vielf\u00e4ltig Musik sein kann.<\/b><\/p>\n<p>Ob Klassik-Fan oder nicht \u2013 die Konzerte von Andr\u00e9 Rieu und seinem Johann-Strauss-Orchester stehen bei vielen auf der L\u00f6ffelchen-Liste. Schlie\u00dflich versprechen prunkvolle Roben,  eine schillernde Atmosph\u00e4re und bekannte Walzerkl\u00e4nge eine Auszeit von der Realit\u00e4t. Genau<\/p>\n<p class=\"rhp-teaser\"><b>Walzer, Operette und gro\u00dfe Emotionen:  Der niederl\u00e4ndische Star-Geiger Andr\u00e9 Rieu zeigt in der SAP-Arena mit seinem Johann-Strauss-Orchester wie vielf\u00e4ltig Musik sein kann.<\/b><\/p>\n","protected":false},"excerpt":{"rendered":"Walzer, Operette und gro\u00dfe Emotionen: Der niederl\u00e4ndische Star-Geiger Andr\u00e9 Rieu zeigt in der SAP-Arena mit seinem Johann-Strauss-Orchester wie&hellip;\n","protected":false},"author":2,"featured_media":869399,"comment_status":"","ping_status":"","sticky":false,"template":"","format":"standard","meta":{"footnotes":"","_share_on_mastodon":"0"},"categories":[1845],"tags":[132232,1634,3364,29,548,663,3934,30,13,355,80,2096,14,15,12089,12],"class_list":["post-869398","post","type-post","status-publish","format-standard","has-post-thumbnail","category-mannheim","tag-andre-rieu","tag-baden-wuerttemberg","tag-de","tag-deutschland","tag-eu","tag-europa","tag-europe","tag-germany","tag-headlines","tag-italien","tag-kultur","tag-mannheim","tag-nachrichten","tag-news","tag-sap-arena","tag-schlagzeilen"],"share_on_mastodon":{"url":"https:\/\/pubeurope.com\/@de\/116230835781964500","error":""},"_links":{"self":[{"href":"https:\/\/www.europesays.com\/de\/wp-json\/wp\/v2\/posts\/869398","targetHints":{"allow":["GET"]}}],"collection":[{"href":"https:\/\/www.europesays.com\/de\/wp-json\/wp\/v2\/posts"}],"about":[{"href":"https:\/\/www.europesays.com\/de\/wp-json\/wp\/v2\/types\/post"}],"author":[{"embeddable":true,"href":"https:\/\/www.europesays.com\/de\/wp-json\/wp\/v2\/users\/2"}],"replies":[{"embeddable":true,"href":"https:\/\/www.europesays.com\/de\/wp-json\/wp\/v2\/comments?post=869398"}],"version-history":[{"count":0,"href":"https:\/\/www.europesays.com\/de\/wp-json\/wp\/v2\/posts\/869398\/revisions"}],"wp:featuredmedia":[{"embeddable":true,"href":"https:\/\/www.europesays.com\/de\/wp-json\/wp\/v2\/media\/869399"}],"wp:attachment":[{"href":"https:\/\/www.europesays.com\/de\/wp-json\/wp\/v2\/media?parent=869398"}],"wp:term":[{"taxonomy":"category","embeddable":true,"href":"https:\/\/www.europesays.com\/de\/wp-json\/wp\/v2\/categories?post=869398"},{"taxonomy":"post_tag","embeddable":true,"href":"https:\/\/www.europesays.com\/de\/wp-json\/wp\/v2\/tags?post=869398"}],"curies":[{"name":"wp","href":"https:\/\/api.w.org\/{rel}","templated":true}]}}