{"id":869448,"date":"2026-03-15T03:00:22","date_gmt":"2026-03-15T03:00:22","guid":{"rendered":"https:\/\/www.europesays.com\/de\/869448\/"},"modified":"2026-03-15T03:00:22","modified_gmt":"2026-03-15T03:00:22","slug":"airlines-fliegen-noch-oefter-ab-bremen-in-die-sonne","status":"publish","type":"post","link":"https:\/\/www.europesays.com\/de\/869448\/","title":{"rendered":"Airlines fliegen noch \u00f6fter ab Bremen in die Sonne"},"content":{"rendered":"<ol class=\"id-DonaldBreadcrumb lp_west_breadcrumb id-DonaldBreadcrumb--default\" data-k5a-pos=\"west_breadcrumb\">\n<li class=\"id-Breadcrumb-item\"><a href=\"https:\/\/www.kreiszeitung.de\/\" class=\"id-Breadcrumb-link\" data-id-ec=\"{\" shn=\"\" textlink=\"\" data-k5a-pos=\"1_startseite\" rel=\"nofollow noopener\" target=\"_blank\">Startseite<\/a><\/li>\n<li class=\"id-Breadcrumb-item\"><a href=\"https:\/\/www.kreiszeitung.de\/lokales\/\" class=\"id-Breadcrumb-link\" data-id-ec=\"{\" shn=\"\" textlink=\"\" data-k5a-pos=\"2_lokales\" rel=\"nofollow noopener\" target=\"_blank\">Lokales<\/a><\/li>\n<li class=\"id-Breadcrumb-item\"><a href=\"https:\/\/www.kreiszeitung.de\/lokales\/bremen\/\" class=\"id-Breadcrumb-link\" data-id-ec=\"{\" shn=\"\" textlink=\"\" data-k5a-pos=\"3_bremen\" rel=\"nofollow noopener\" target=\"_blank\">Bremen<\/a><\/li>\n<\/ol>\n<p class=\"id-Story-timestamp id-Story-timestamp--default\">Stand: 14.03.2026, 07:50 Uhr<\/p>\n<p class=\"id-Story-authors id-Story-authors--default\">Von: <a class=\"id-Story-authors-link lp_west_author\" href=\"https:\/\/www.kreiszeitung.de\/autor\/dierk-rohdenburg-96m1yko5n.html\" title=\"Zur Autorenseite von Dierk Rohdenburg\" data-id-ec=\"{\" shn=\"\" author-link=\"\" rohdenburg=\"\" data-k5a-pos=\"west_author\" rel=\"nofollow noopener\" target=\"_blank\">Dierk Rohdenburg<\/a><\/p>\n<p class=\"id-Story-interactionBar id-Story-interactionBar--default\">DruckenTeilen<\/p>\n<p><img decoding=\"async\" class=\"id-RatioPlaceholder-element wv_story_el_image\" src=\"https:\/\/www.europesays.com\/de\/wp-content\/uploads\/2026\/03\/41859282-sundair-hebt-bald-dreimal-woechentlich-nach-kreta-ab-2F7a.jpg\" loading=\"eager\" fetchpriority=\"high\"   height=\"792\" width=\"1408\" alt=\"SundAir hebt bald dreimal w&#xF6;chentlich nach Kreta ab.\"\/>SundAir hebt bald dreimal w\u00f6chentlich nach Kreta ab. \u00a9\u00a0Flughafen<\/p>\n<p class=\"id-StoryElement-leadText\">Drei Airlines fliegen 2026 \u00f6fter nach Kreta. Auch im Herbst w\u00e4chst das Angebot weiter. Der Flughafen Bremen sieht darin einen klaren Aufschwung.<\/p>\n<p class=\"id-StoryElement-paragraph\">Bremen \u2013 Noch nie gab es so viele Flugverbindungen von Bremen nach Kreta wie im Reisejahr 2026.<\/p>\n<p class=\"id-StoryElement-paragraph\">Bereits ab dem 18. April fliegt SundAir laut Angaben des Flughafens Bremen jeden Donnerstag und Samstag nach Heraklion. Ab dem 12. Mai 2026 kommt ein weiterer w\u00f6chentlicher Flug hinzu: Dann steuert die Airline die gr\u00f6\u00dfte griechische Insel zus\u00e4tzlich auch dienstags an.<\/p>\n<p class=\"id-StoryElement-paragraph\">Auch Corendon Airlines reagiert nach eigenen Angaben auf die starke Nachfrage aus dem Nordwesten f\u00fcr Fl\u00fcge nach Kreta. In den Herbstferien f\u00fcr Bremen und Niedersachsen bietet die Fluggesellschaft zwischen dem 7. und 31. Oktober 2026 zus\u00e4tzliche Verbindungen an und startet in diesem Zeitraum immer mittwochs und samstags auf die Mittelmeerinsel. Dar\u00fcber hinaus erweitert Freebird das Angebot: Die Airline nimmt ab dem 8. Mai 2026 Fl\u00fcge nach Kreta auf und fliegt die Strecke montags und freitags.<\/p>\n<p>Drei Airlines fliegen nach Kreta<\/p>\n<p class=\"id-StoryElement-paragraph\">Damit bedienen 2026 erstmals drei Airlines die Verbindung ab Bremen nach Kreta. \u201eNoch nie gab es so viele Verbindungen zwischen Bremen und Kreta, wie wir es ab Mai in diesem Jahr erleben werden. Die griechischen Inseln sind nach wie vor ein sehr beliebtes Reiseziel. Und insbesondere Kreta vereint nicht zuletzt aufgrund seiner Gr\u00f6\u00dfe all das, was einen Griechenland-Urlaub ausmacht: Sonne, Meer und Kultur. Wir freuen uns, dass die Airlines darauf reagieren und ihr Angebot ab Bremen entsprechend ausbauen\u201c, sagt dazu Dr. Marc Cezanne, Gesch\u00e4ftsf\u00fchrer am Flughafen Bremen.<\/p>\n<p class=\"id-StoryElement-paragraph\">Der Flughafen Bremen ist nach eigenen Angaben ein wichtiger wirtschaftlicher und touristischer Faktor f\u00fcr die Hansestadt und die Region mit einem Einzugsgebiet von rund 13 Millionen Menschen. Mit t\u00e4glichen Verbindungen zu den internationalen Drehkreuzen Frankfurt, M\u00fcnchen, Istanbul, Amsterdam, Z\u00fcrich und Wien sind mehr als 500 weltweite Ziele mit nur einem Umstieg erreichbar. Hinzu kommen zahlreiche Destinationen in Europa und Nordafrika. Gemeinsam mit innovativen Unternehmen und Forschungseinrichtungen bildet der Airport einen der wichtigsten kombinierten Luft- und Raumfahrtstandorte in Europa. Nachtflugbeschr\u00e4nkungen sowie L\u00e4rm- und Umweltschutz spielen am 1909 er\u00f6ffneten ersten deutschen Flughafen mit befestigter Start- und Landebahn eine zentrale Rolle. Weitere Informationen sind unter <a href=\"https:\/\/www.bremen-airport.com\/\" rel=\"nofollow noopener\" target=\"_blank\" class=\"id-import-Link id-pageApi-Link--externalDomain\" data-id-ec=\"{&quot;sht&quot;:&quot;Container&quot;,&quot;shn&quot;:&quot;Story&quot;,&quot;p&quot;:{&quot;containerType&quot;:&quot;Paragraph&quot;,&quot;displayType&quot;:&quot;Paragraph InlineLink&quot;,&quot;type&quot;:&quot;INLINE_LINK&quot;,&quot;value&quot;:&quot;www.bremen-airport.com&quot;,&quot;variant&quot;:&quot;standardLink&quot;,&quot;sponsored&quot;:false,&quot;linkHref&quot;:&quot;https:\/\/www.bremen-airport.com\/&quot;,&quot;storyElementPosition&quot;:15,&quot;storyElementCount&quot;:15}}\">www.bremen-airport.com<\/a> abrufbar.<\/p>\n","protected":false},"excerpt":{"rendered":"Startseite Lokales Bremen Stand: 14.03.2026, 07:50 Uhr Von: Dierk Rohdenburg DruckenTeilen SundAir hebt bald dreimal w\u00f6chentlich nach Kreta&hellip;\n","protected":false},"author":2,"featured_media":869449,"comment_status":"","ping_status":"","sticky":false,"template":"","format":"standard","meta":{"footnotes":"","_share_on_mastodon":"0"},"categories":[1824],"tags":[2420,3364,29,30],"class_list":["post-869448","post","type-post","status-publish","format-standard","has-post-thumbnail","category-bremen","tag-bremen","tag-de","tag-deutschland","tag-germany"],"share_on_mastodon":{"url":"https:\/\/pubeurope.com\/@de\/116230961634972062","error":""},"_links":{"self":[{"href":"https:\/\/www.europesays.com\/de\/wp-json\/wp\/v2\/posts\/869448","targetHints":{"allow":["GET"]}}],"collection":[{"href":"https:\/\/www.europesays.com\/de\/wp-json\/wp\/v2\/posts"}],"about":[{"href":"https:\/\/www.europesays.com\/de\/wp-json\/wp\/v2\/types\/post"}],"author":[{"embeddable":true,"href":"https:\/\/www.europesays.com\/de\/wp-json\/wp\/v2\/users\/2"}],"replies":[{"embeddable":true,"href":"https:\/\/www.europesays.com\/de\/wp-json\/wp\/v2\/comments?post=869448"}],"version-history":[{"count":0,"href":"https:\/\/www.europesays.com\/de\/wp-json\/wp\/v2\/posts\/869448\/revisions"}],"wp:featuredmedia":[{"embeddable":true,"href":"https:\/\/www.europesays.com\/de\/wp-json\/wp\/v2\/media\/869449"}],"wp:attachment":[{"href":"https:\/\/www.europesays.com\/de\/wp-json\/wp\/v2\/media?parent=869448"}],"wp:term":[{"taxonomy":"category","embeddable":true,"href":"https:\/\/www.europesays.com\/de\/wp-json\/wp\/v2\/categories?post=869448"},{"taxonomy":"post_tag","embeddable":true,"href":"https:\/\/www.europesays.com\/de\/wp-json\/wp\/v2\/tags?post=869448"}],"curies":[{"name":"wp","href":"https:\/\/api.w.org\/{rel}","templated":true}]}}