{"id":869467,"date":"2026-03-15T03:11:15","date_gmt":"2026-03-15T03:11:15","guid":{"rendered":"https:\/\/www.europesays.com\/de\/869467\/"},"modified":"2026-03-15T03:11:15","modified_gmt":"2026-03-15T03:11:15","slug":"mehr-klagen-von-fluggaesten-im-suedwesten-gegen-airlines","status":"publish","type":"post","link":"https:\/\/www.europesays.com\/de\/869467\/","title":{"rendered":"Mehr Klagen von Flugg\u00e4sten im S\u00fcdwesten gegen Airlines"},"content":{"rendered":"<p>Luftverkehr <\/p>\n<p>Mehr Klagen von Flugg\u00e4sten im S\u00fcdwesten gegen Airlines<\/p>\n<p>Aktualisiert am 15.03.2026 &#8211; 04:00 UhrLesedauer: 1 Min.<\/p>\n<p><a href=\"#focus-0\" class=\"transition-colors duration-200 block text-current relative\" data-sctrack=\"FocusGalleryImage.Reference\"><img fetchpriority=\"high\" data-testid=\"Opener.Image\" style=\"--lqipURL:url('https:\/\/images.t-online.de\/2026\/03\/Zm-1QS3Dl61a\/0x52:2048x1152\/fit-in\/150x0\/filters:blur(25)\/in-baden-wuerttemberg-haben-tausende-gegen-airlines-geklagt-symbolbild.jpg')\"   loading=\"eager\" src=\"https:\/\/www.europesays.com\/de\/wp-content\/uploads\/2026\/03\/in-baden-wuerttemberg-haben-tausende-gegen-airlines-geklagt-symbolbild.jpg\" alt=\"Flugzeug startet am Flughafen Stuttgart\" title=\"Flugzeug startet am Flughafen Stuttgart\" width=\"2048\" height=\"1152\" class=\"bg-[url:var(--lqipURL)] bg-cover bg-center flex h-full w-full max-w-full\" decoding=\"async\"\/><img style=\"--width:32;--height:32\" loading=\"lazy\" src=\"https:\/\/www.t-online.de\/s\/paper\/_next\/static\/media\/zoom-in.f7dae02f.svg\" alt=\"Vergr\u00f6\u00dfern des Bildes\" title=\"Vergr\u00f6\u00dfern des Bildes\" class=\"block h-[calc(var(--height)_\/_16_*_1rem)] w-[calc(var(--width)_\/_16_*_1rem)] max-w-none absolute bottom-8 right-8 rounded-4 bg-snow p-8\" decoding=\"async\"\/><\/a><\/p>\n<p>In Baden-W\u00fcrttemberg haben Tausende gegen Airlines geklagt. (Symbolbild) (Quelle: Christoph Schmidt\/dpa\/dpa-tmn\/dpa-bilder)<\/p>\n<p class=\"font-bold text-18 leading-17 user-text-lg:text-22 user-text-xl:text-24\">F\u00e4llt ein Flug aus oder startet versp\u00e4tet, k\u00f6nnen Passagiere Entsch\u00e4digung verlangen. In Baden-W\u00fcrttemberg ziehen Tausende deshalb vor Gericht.<\/p>\n<p class=\"text-18 leading-17 user-text-lg:text-22 user-text-xl:text-24\">Wegen versp\u00e4teter oder gestrichener Fl\u00fcge sind im vergangenen Jahr mehr als 5.578 Entsch\u00e4digungsklagen gegen Airlines bei Gerichten in Baden-W\u00fcrttemberg eingegangen. Am Amtsgericht N\u00fcrtingen wurden nach Angaben des Deutschen Richterbundes f\u00fcr den <a class=\"transition-colors duration-200 cursor-pointer text-inherit no-underline text-salemsfur md:hover:text-magenta md:hover:border-magenta md:focus:text-magenta border-current border-b border-solid break-words\" data-tracking=\"{&quot;action&quot;:&quot;click&quot;,&quot;category&quot;:&quot;intextLink&quot;,&quot;label&quot;:&quot;https:\/\/www.t-online.de\/themen\/flughafen-stuttgart\/&quot;}\" href=\"https:\/\/www.t-online.de\/themen\/flughafen-stuttgart\/\" data-sctrack=\"BodyAnchor\" rel=\"nofollow noopener\" target=\"_blank\">Flughafen Stuttgart<\/a> 3.665 Klagen registriert. Am Amtsgericht B\u00fchl waren es f\u00fcr den Flughafen Karlsruhe\/Baden-Baden 1.913 Klagen. <\/p>\n<p class=\"text-18 leading-17 user-text-lg:text-22 user-text-xl:text-24\">Damit ist die Zahl im Vergleich zum Vorjahr (5.465) leicht gestiegen. 2024 waren es f\u00fcr den Flughafen Stuttgart 3.881 Klagen eingegangen, f\u00fcr den Baden-Airpark waren es 1.584.<\/p>\n<p class=\"text-18 leading-17 user-text-lg:text-22 user-text-xl:text-24\">Im bundesweiten Vergleich der 19 gr\u00f6\u00dften Flughafenstandorte liegt der S\u00fcdwesten jedoch auf den hinteren Pl\u00e4tzen. Die meisten Klagen gab es in K\u00f6ln (22.491), Frankfurt am Main (19.374) und am Amtsgericht K\u00f6nigs Wusterhausen (19.239), das f\u00fcr den Hauptstadtflughafen BER zust\u00e4ndig ist. Dort werden auch deutlich mehr Flugg\u00e4ste abgefertigt. <\/p>\n<p class=\"text-18 leading-17 user-text-lg:text-22 user-text-xl:text-24\">Deutschlandweit wurden im vergangenen Jahr mehr als 121.000 Klagen von Reisenden registriert. Das waren zwar rund 10.000 weniger als im Vorjahr, aber mit rund 37.000 Verfahren deutlich mehr als noch vor f\u00fcnf Jahren. Die Verfahren von Flugg\u00e4sten machten an vielen Gerichten inzwischen deutlich mehr als die H\u00e4lfte aller Zivilf\u00e4lle aus, hei\u00dft es vom Richterbund.<\/p>\n<p class=\"text-18 leading-17 user-text-lg:text-22 user-text-xl:text-24\">Die Kunden verlangen meist Entsch\u00e4digungen f\u00fcr ausgefallene oder versp\u00e4tete Fl\u00fcge, teils geht es auch um Streitigkeiten aus Reisevertr\u00e4gen. Flugg\u00e4ste k\u00f6nnen nach Justizangaben w\u00e4hlen, ob sie am Sitz der Airline oder am Abflugort klagen. Zunehmend nutzen sie daf\u00fcr Portale, um ihre Anspr\u00fcche schnell und einfach durchzusetzen. Daf\u00fcr m\u00fcssen sie einen Teil der Entsch\u00e4digung abgeben.<\/p>\n","protected":false},"excerpt":{"rendered":"Luftverkehr Mehr Klagen von Flugg\u00e4sten im S\u00fcdwesten gegen Airlines Aktualisiert am 15.03.2026 &#8211; 04:00 UhrLesedauer: 1 Min. In&hellip;\n","protected":false},"author":2,"featured_media":869468,"comment_status":"","ping_status":"","sticky":false,"template":"","format":"standard","meta":{"footnotes":"","_share_on_mastodon":"0"},"categories":[1830],"tags":[3091,1601,16418,1634,3364,107514,29,13373,12820,30,8903,1789,6760,12082,1441,16414],"class_list":["post-869467","post","type-post","status-publish","format-standard","has-post-thumbnail","category-stuttgart","tag-airline","tag-amtsgericht","tag-baden-baden","tag-baden-wuerttemberg","tag-de","tag-deutscher-richterbund","tag-deutschland","tag-entschaedigung","tag-flughafen-stuttgart","tag-germany","tag-karlsruhe","tag-klage","tag-luftverkehr","tag-nuertingen","tag-stuttgart","tag-suedwesten"],"share_on_mastodon":{"url":"","error":""},"_links":{"self":[{"href":"https:\/\/www.europesays.com\/de\/wp-json\/wp\/v2\/posts\/869467","targetHints":{"allow":["GET"]}}],"collection":[{"href":"https:\/\/www.europesays.com\/de\/wp-json\/wp\/v2\/posts"}],"about":[{"href":"https:\/\/www.europesays.com\/de\/wp-json\/wp\/v2\/types\/post"}],"author":[{"embeddable":true,"href":"https:\/\/www.europesays.com\/de\/wp-json\/wp\/v2\/users\/2"}],"replies":[{"embeddable":true,"href":"https:\/\/www.europesays.com\/de\/wp-json\/wp\/v2\/comments?post=869467"}],"version-history":[{"count":0,"href":"https:\/\/www.europesays.com\/de\/wp-json\/wp\/v2\/posts\/869467\/revisions"}],"wp:featuredmedia":[{"embeddable":true,"href":"https:\/\/www.europesays.com\/de\/wp-json\/wp\/v2\/media\/869468"}],"wp:attachment":[{"href":"https:\/\/www.europesays.com\/de\/wp-json\/wp\/v2\/media?parent=869467"}],"wp:term":[{"taxonomy":"category","embeddable":true,"href":"https:\/\/www.europesays.com\/de\/wp-json\/wp\/v2\/categories?post=869467"},{"taxonomy":"post_tag","embeddable":true,"href":"https:\/\/www.europesays.com\/de\/wp-json\/wp\/v2\/tags?post=869467"}],"curies":[{"name":"wp","href":"https:\/\/api.w.org\/{rel}","templated":true}]}}