{"id":869739,"date":"2026-03-15T05:54:39","date_gmt":"2026-03-15T05:54:39","guid":{"rendered":"https:\/\/www.europesays.com\/de\/869739\/"},"modified":"2026-03-15T05:54:39","modified_gmt":"2026-03-15T05:54:39","slug":"mikrochip-im-essen-gehoerte-zu-ehemaligem-rennpferd-3","status":"publish","type":"post","link":"https:\/\/www.europesays.com\/de\/869739\/","title":{"rendered":"Mikrochip im Essen geh\u00f6rte zu ehemaligem Rennpferd"},"content":{"rendered":"<p>    &#13;<br \/>\n      14.03.2026, 18:03 \/ Lesedauer: ca. 2min Fund in Suppenk\u00fcche in T\u00fcrkei <\/p>\n<p class=\"intro\">Ein Gast einer Suppenk\u00fcche findet einen Fremdk\u00f6rper in seinem Gericht. Labortests ergeben: Es handelt sich um den Mikrochip eines fr\u00fcheren Rennpferdes. F\u00fcr den ehemaligen Besitzer hat das Folgen. <\/p>\n<p>      &#13;<br \/>\n        <img decoding=\"async\"   src=\"https:\/\/www.europesays.com\/de\/wp-content\/uploads\/2026\/03\/in-einer-suppenkueche-findet-ein-gast-in-seinem-essen-den-1177530.jpg\" title=\"Mikrochip im Essen geh\u00f6rte zu ehemaligem Rennpferd \" alt=\"In einer Suppenk\u00fcche findet ein Gast in seinem Essen den Mikrochip eines ehemaligen Rennpferdes. (Symbolfoto) Foto: Malte Christians\/dpa\/dpa-tmn\" class=\"img-responsive\"\/>&#13;<\/p>\n<p class=\"image-credit\">&#13;<br \/>\n\t\t\t\t\t\u00a9 Malte Christians\/dpa\/dpa-tmn<\/p>\n<p>&#13;<br \/>\n        &#13;<br \/>\n        &#13;<\/p>\n<p>In einer Suppenk\u00fcche findet ein Gast in seinem Essen den Mikrochip eines ehemaligen Rennpferdes. (Symbolfoto) Foto: Malte Christians\/dpa\/dpa-tmn <\/p>\n<p>&#13;<\/p>\n<p class=\"image-credit\">&#13;<br \/>\n\t\t\t\t\t\t\t\u00a9 Malte Christians\/dpa\/dpa-tmn<\/p>\n<p>&#13;<br \/>\n        &#13;<\/p>\n<p class=\"author\">&#13;<br \/>\n      Von dpa<\/p>\n","protected":false},"excerpt":{"rendered":"&#13; 14.03.2026, 18:03 \/ Lesedauer: ca. 2min Fund in Suppenk\u00fcche in T\u00fcrkei Ein Gast einer Suppenk\u00fcche findet einen&hellip;\n","protected":false},"author":2,"featured_media":869740,"comment_status":"","ping_status":"","sticky":false,"template":"","format":"standard","meta":{"footnotes":"","_share_on_mastodon":"0"},"categories":[1834],"tags":[25492,3364,29,3688,30,177,1209,2631],"class_list":["post-869739","post","type-post","status-publish","format-standard","has-post-thumbnail","category-essen","tag-trkei","tag-de","tag-deutschland","tag-essen","tag-germany","tag-kriminalitt","tag-nordrhein-westfalen","tag-tier"],"share_on_mastodon":{"url":"https:\/\/pubeurope.com\/@de\/116231645919412228","error":""},"_links":{"self":[{"href":"https:\/\/www.europesays.com\/de\/wp-json\/wp\/v2\/posts\/869739","targetHints":{"allow":["GET"]}}],"collection":[{"href":"https:\/\/www.europesays.com\/de\/wp-json\/wp\/v2\/posts"}],"about":[{"href":"https:\/\/www.europesays.com\/de\/wp-json\/wp\/v2\/types\/post"}],"author":[{"embeddable":true,"href":"https:\/\/www.europesays.com\/de\/wp-json\/wp\/v2\/users\/2"}],"replies":[{"embeddable":true,"href":"https:\/\/www.europesays.com\/de\/wp-json\/wp\/v2\/comments?post=869739"}],"version-history":[{"count":0,"href":"https:\/\/www.europesays.com\/de\/wp-json\/wp\/v2\/posts\/869739\/revisions"}],"wp:featuredmedia":[{"embeddable":true,"href":"https:\/\/www.europesays.com\/de\/wp-json\/wp\/v2\/media\/869740"}],"wp:attachment":[{"href":"https:\/\/www.europesays.com\/de\/wp-json\/wp\/v2\/media?parent=869739"}],"wp:term":[{"taxonomy":"category","embeddable":true,"href":"https:\/\/www.europesays.com\/de\/wp-json\/wp\/v2\/categories?post=869739"},{"taxonomy":"post_tag","embeddable":true,"href":"https:\/\/www.europesays.com\/de\/wp-json\/wp\/v2\/tags?post=869739"}],"curies":[{"name":"wp","href":"https:\/\/api.w.org\/{rel}","templated":true}]}}