{"id":870266,"date":"2026-03-15T10:56:15","date_gmt":"2026-03-15T10:56:15","guid":{"rendered":"https:\/\/www.europesays.com\/de\/870266\/"},"modified":"2026-03-15T10:56:15","modified_gmt":"2026-03-15T10:56:15","slug":"wuppertal-und-lange-strecke-grosses-wettkampfbecken-und-grosse-gastfreundschaft","status":"publish","type":"post","link":"https:\/\/www.europesays.com\/de\/870266\/","title":{"rendered":"WUPPERTAL UND LANGE STRECKE: GRO\u00dfES WETTKAMPFBECKEN UND GRO\u00dfE GASTFREUNDSCHAFT"},"content":{"rendered":"<p>Die 1911er wagten den Weg ins bergische um am diesj\u00e4hrigen Bayerschwimmfest der SV Bayer Wuppertal teilzunehmen. An gleich zwei Tagen konnten sich die Bottroper in einem f\u00fcr Sie ungewohnt gro\u00dfem Wettkampfbecken behaupten.<\/p>\n<p>Der erfahrenste Schwimmer der 1911er, Marlon Bieronski konnte in gleich sieben Mal an den Start gehen und das schon fast gewohnt souver\u00e4n. 50m Schmetterling, 0:32,01; 100m Brust, 01:27,01; 100m Freistil, 01:04,78;  200m Lagen, 02:48,48; 400m Lagen, 06:04,92; 50m Brust, 00:39,21 und 200m Freistil, 02:31,95. Hierbei konnte Marlon 3 x Bronze und 2 x Gold mit nach Hause nehmen, wir finden Top Leistung Marlon! Aber auch abseits der Medaillen konnte sich der Schwimmer in gleich 5 Strecken pers\u00f6nlich Steigern.<\/p>\n<p>Auf Marlon folgte im Jahrgang 2012 Fabian Priester. Auch Fabian war an beiden Tagen im Wasser und konnte dort an 6 Strecken deutliche pers\u00f6nliche Steigerungen auf die Tafel schwimmen. 50m R\u00fccken, 0:52,09; 50m Schmetterling, 00:51,62; 100m Freistil, 01:28,01; 200m Lagen, 03:59,17; 50m Freistil, 00:39,60 und 50m Brust, 00:58,35. Auch hier k\u00f6nnen wir vom Trainer- und Betreuungsteam nur den Hut vor ziehen, Chapeau!<\/p>\n<p>Als dritter m\u00e4nnlicher Schwimmer konnte Paul Zachrau aus dem Jahrgang 2014 im Wasser an beiden Tagen seine Trainingserfolge unter Beweis stellen. Auch er war 6 x im Wasser und steigerte sich davon gleich 5 Mal. 50m R\u00fccken, 00:45,77; 50m Schmetterling, 00:51,63; 100m Freistil, 01:24,81; 200m Lagen, 03:56,33; 50m Freistil, 00:35,83; 50m Brust, 00:59,63. Tolle Zeiten grade bei den unbeliebten Strecken zeigen uns das Entwicklungspotenzial und den sportlichen Ehrgeiz bei Paul, starker Auftritt! <\/p>\n<p>Unsere Kira Borges war als einziges M\u00e4dchen auch beide Tage nach Wuppertal gereist um an 5 Starts allen zu zeigen, dass die richtige Technik im Wasser so wichtig ist. 50m Schmetterling, 00:43,69; 100m Freistil, 01:18,47, 200m Lagen, 03:32,53; 50m Freistil, 00:36,03 und 50m Brust, 00:51,75. Auch Kira konnte durch Routine und Erfahrung im Wasser auf gleich 4 Strecken Steigerungen aufzeigen. Trainer und Betreuer sind auch bei Kira sehr zufrieden, toll geschwommen Kira! <\/p>\n<p>Am zweiten Wettkampftag kam weibliche Unterst\u00fctzung in das Bottroper Team in Person von Daria und Anna. Beide Schwimmerinnen sind aus dem Jahrgang 2012 und rundeten die schwimmerische Mannschaft ab.<\/p>\n<p>Anna Shalin ging zwei mal an den Startblock, 50m Freistil, 00:32,87 und 50m Brust, 00:45,88. Beide Strecken wurden Steigerungen bis hin zu pers\u00f6nlichen Bestzeiten erbracht. Wenn man bedenkt, dass Anna kurz vorher noch mit Problemen im Kn\u00f6chel auf Trainingszeit verzichten musste ist die Leistung mehr als zufriedenstellend. <\/p>\n<p>Auch Daria Trubin konnte einmal mehr als Ihre vorgenannte Schwimmerkollegin starten. 50m Freistil, 00:37,27; 100m R\u00fccken, 01:39,54; 200m Freistil, 03:14,53. Die zeitliche Steigerung der Paradedisziplin ist besonders hervorzuheben, ebenso wie die sich st\u00e4ndig verfestigende Routine bei Daria waren deutlich zu sp\u00fcren. <\/p>\n<p>Reflektierend konnten die Trainer und Betreuer rund um Kolja sehr zufrieden mit der schwimmerischen Leistung seiner Sportler sein. Der sich st\u00e4ndig wachsende Ehrgeiz bei jedem Einzelnen sowie das steigende Mannschaftsgef\u00fchl machen den Spa\u00df und schaffen neue Motivation!<\/p>\n","protected":false},"excerpt":{"rendered":"Die 1911er wagten den Weg ins bergische um am diesj\u00e4hrigen Bayerschwimmfest der SV Bayer Wuppertal teilzunehmen. An gleich&hellip;\n","protected":false},"author":2,"featured_media":870267,"comment_status":"","ping_status":"","sticky":false,"template":"","format":"standard","meta":{"footnotes":"","_share_on_mastodon":"0"},"categories":[1840],"tags":[3364,29,30,1209,4418],"class_list":["post-870266","post","type-post","status-publish","format-standard","has-post-thumbnail","category-wuppertal","tag-de","tag-deutschland","tag-germany","tag-nordrhein-westfalen","tag-wuppertal"],"share_on_mastodon":{"url":"https:\/\/pubeurope.com\/@de\/116232833312986957","error":""},"_links":{"self":[{"href":"https:\/\/www.europesays.com\/de\/wp-json\/wp\/v2\/posts\/870266","targetHints":{"allow":["GET"]}}],"collection":[{"href":"https:\/\/www.europesays.com\/de\/wp-json\/wp\/v2\/posts"}],"about":[{"href":"https:\/\/www.europesays.com\/de\/wp-json\/wp\/v2\/types\/post"}],"author":[{"embeddable":true,"href":"https:\/\/www.europesays.com\/de\/wp-json\/wp\/v2\/users\/2"}],"replies":[{"embeddable":true,"href":"https:\/\/www.europesays.com\/de\/wp-json\/wp\/v2\/comments?post=870266"}],"version-history":[{"count":0,"href":"https:\/\/www.europesays.com\/de\/wp-json\/wp\/v2\/posts\/870266\/revisions"}],"wp:featuredmedia":[{"embeddable":true,"href":"https:\/\/www.europesays.com\/de\/wp-json\/wp\/v2\/media\/870267"}],"wp:attachment":[{"href":"https:\/\/www.europesays.com\/de\/wp-json\/wp\/v2\/media?parent=870266"}],"wp:term":[{"taxonomy":"category","embeddable":true,"href":"https:\/\/www.europesays.com\/de\/wp-json\/wp\/v2\/categories?post=870266"},{"taxonomy":"post_tag","embeddable":true,"href":"https:\/\/www.europesays.com\/de\/wp-json\/wp\/v2\/tags?post=870266"}],"curies":[{"name":"wp","href":"https:\/\/api.w.org\/{rel}","templated":true}]}}