{"id":870319,"date":"2026-03-15T11:25:12","date_gmt":"2026-03-15T11:25:12","guid":{"rendered":"https:\/\/www.europesays.com\/de\/870319\/"},"modified":"2026-03-15T11:25:12","modified_gmt":"2026-03-15T11:25:12","slug":"bei-borussia-dortmund-hat-der-umbruch-begonnen-ein-18-jaehriger-koennte-zum-gesicht-des-neuen-bvb-werden","status":"publish","type":"post","link":"https:\/\/www.europesays.com\/de\/870319\/","title":{"rendered":"Bei Borussia Dortmund hat der Umbruch begonnen! Ein 18-J\u00e4hriger k\u00f6nnte zum Gesicht des &#8222;neuen&#8220; BVB werden"},"content":{"rendered":"<p class=\"article_article__content__teaser_____NK\">Jungprofi Luca Reggiani trifft, feiert und sendet ein Signal: Der Umbruch bei Borussia Dortmund hat begonnen.<\/p>\n<p>Luca Reggiani konnte sein Gl\u00fcck kaum fassen. V\u00f6llig \u00fcberw\u00e4ltigt schlug der Youngster die H\u00e4nde \u00fcber dem Kopf zusammen, er h\u00fcpfte vor der gewaltigen &#8222;Gelben Wand&#8220; auf und ab, ehe er seinem erst 17 Jahre alten Teamkollegen Samuele In\u00e1cio in die Arme sprang.<\/p>\n","protected":false},"excerpt":{"rendered":"Jungprofi Luca Reggiani trifft, feiert und sendet ein Signal: Der Umbruch bei Borussia Dortmund hat begonnen. Luca Reggiani&hellip;\n","protected":false},"author":2,"featured_media":870320,"comment_status":"","ping_status":"","sticky":false,"template":"","format":"standard","meta":{"footnotes":"","_share_on_mastodon":"0"},"categories":[1833],"tags":[888,191347,299,3364,29,217,347,30,192458,75958,1209,4604],"class_list":["post-870319","post","type-post","status-publish","format-standard","has-post-thumbnail","category-dortmund","tag-borussia-dortmund","tag-borussia-dortmund-vs-augsburg","tag-bundesliga","tag-de","tag-deutschland","tag-dortmund","tag-fussball","tag-germany","tag-l-reggiani","tag-n-kovac","tag-nordrhein-westfalen","tag-soccer"],"share_on_mastodon":{"url":"https:\/\/pubeurope.com\/@de\/116232947437445609","error":""},"_links":{"self":[{"href":"https:\/\/www.europesays.com\/de\/wp-json\/wp\/v2\/posts\/870319","targetHints":{"allow":["GET"]}}],"collection":[{"href":"https:\/\/www.europesays.com\/de\/wp-json\/wp\/v2\/posts"}],"about":[{"href":"https:\/\/www.europesays.com\/de\/wp-json\/wp\/v2\/types\/post"}],"author":[{"embeddable":true,"href":"https:\/\/www.europesays.com\/de\/wp-json\/wp\/v2\/users\/2"}],"replies":[{"embeddable":true,"href":"https:\/\/www.europesays.com\/de\/wp-json\/wp\/v2\/comments?post=870319"}],"version-history":[{"count":0,"href":"https:\/\/www.europesays.com\/de\/wp-json\/wp\/v2\/posts\/870319\/revisions"}],"wp:featuredmedia":[{"embeddable":true,"href":"https:\/\/www.europesays.com\/de\/wp-json\/wp\/v2\/media\/870320"}],"wp:attachment":[{"href":"https:\/\/www.europesays.com\/de\/wp-json\/wp\/v2\/media?parent=870319"}],"wp:term":[{"taxonomy":"category","embeddable":true,"href":"https:\/\/www.europesays.com\/de\/wp-json\/wp\/v2\/categories?post=870319"},{"taxonomy":"post_tag","embeddable":true,"href":"https:\/\/www.europesays.com\/de\/wp-json\/wp\/v2\/tags?post=870319"}],"curies":[{"name":"wp","href":"https:\/\/api.w.org\/{rel}","templated":true}]}}