{"id":87037,"date":"2025-05-05T18:57:08","date_gmt":"2025-05-05T18:57:08","guid":{"rendered":"https:\/\/www.europesays.com\/de\/87037\/"},"modified":"2025-05-05T18:57:08","modified_gmt":"2025-05-05T18:57:08","slug":"bus-unfall-am-bismarckplatz-in-moenchengladbach","status":"publish","type":"post","link":"https:\/\/www.europesays.com\/de\/87037\/","title":{"rendered":"Bus-Unfall am Bismarckplatz in M\u00f6nchengladbach"},"content":{"rendered":"<p class=\"text_ohne_einzug richtext text-em-55 !leading-serif mx-6 desktop:mx-0\"> Bei einem Unfall zwischen einem Linienbus und einem Pkw ist gab es einen leicht Verletzten. Das sagte die Polizeibeamtin an der Unfallstelle am Bismarckplatz auf Nachfrage unserer Redaktion. Am Montag, 5. Mai, um 18.39 Uhr war der Bus demnach hinter dem Auto auf der Rathenaustra\u00dfe Richtung Theodor-Heuss-Stra\u00dfe unterwegs. Das vorausfahrende Auto blinkte rechts, um in die L\u00fcpertzender Stra\u00dfe einzubiegen, woraufhin der Busfahrer bremste. In dem Moment sei eine Radfahrerin auf dem Radstreifen aufgetaucht. Sie sei zuvor offenbar im toten Winkel gewesen.<\/p>\n<p class=\"richtext text-em-55 !leading-serif mx-6 desktop:mx-0\">Wegen der Radfahrerin soll der Pkw laut der Polizistin vor dem Abbiegen so abrupt und stark abgebremst haben, dass der Bus auffuhr. Das Linienfahrzeug wurde an der Front besch\u00e4digt; ebenso der Pkw an der hinteren linken Seite, die Heckscheibe ging komplett zu Bruch. Von den mehreren Insassen des Autos wurde eine Person leicht verletzt. Weitere Verletzte soll es ersten Einsch\u00e4tzungen zufolge nicht gegeben haben.<\/p>\n","protected":false},"excerpt":{"rendered":"Bei einem Unfall zwischen einem Linienbus und einem Pkw ist gab es einen leicht Verletzten. Das sagte die&hellip;\n","protected":false},"author":2,"featured_media":87038,"comment_status":"","ping_status":"","sticky":false,"template":"","format":"standard","meta":{"footnotes":""},"categories":[1849],"tags":[16238,513,10415,3364,29,548,663,3934,30,13,4455,14,15,1209,10321,1892,8846,12,4405,1284,3793,5185,36232],"class_list":{"0":"post-87037","1":"post","2":"type-post","3":"status-publish","4":"format-standard","5":"has-post-thumbnail","7":"category-moenchengladbach","8":"tag-busfahrer","9":"tag-auto","10":"tag-bus","11":"tag-de","12":"tag-deutschland","13":"tag-eu","14":"tag-europa","15":"tag-europe","16":"tag-germany","17":"tag-headlines","18":"tag-moenchengladbach","19":"tag-nachrichten","20":"tag-news","21":"tag-nordrhein-westfalen","22":"tag-person","23":"tag-pkw","24":"tag-radfahrerin","25":"tag-schlagzeilen","26":"tag-toten","27":"tag-unfall","28":"tag-unfallstelle","29":"tag-verletzt","30":"tag-winkel"},"share_on_mastodon":{"url":"https:\/\/pubeurope.com\/@de\/114456759079941824","error":""},"_links":{"self":[{"href":"https:\/\/www.europesays.com\/de\/wp-json\/wp\/v2\/posts\/87037","targetHints":{"allow":["GET"]}}],"collection":[{"href":"https:\/\/www.europesays.com\/de\/wp-json\/wp\/v2\/posts"}],"about":[{"href":"https:\/\/www.europesays.com\/de\/wp-json\/wp\/v2\/types\/post"}],"author":[{"embeddable":true,"href":"https:\/\/www.europesays.com\/de\/wp-json\/wp\/v2\/users\/2"}],"replies":[{"embeddable":true,"href":"https:\/\/www.europesays.com\/de\/wp-json\/wp\/v2\/comments?post=87037"}],"version-history":[{"count":0,"href":"https:\/\/www.europesays.com\/de\/wp-json\/wp\/v2\/posts\/87037\/revisions"}],"wp:featuredmedia":[{"embeddable":true,"href":"https:\/\/www.europesays.com\/de\/wp-json\/wp\/v2\/media\/87038"}],"wp:attachment":[{"href":"https:\/\/www.europesays.com\/de\/wp-json\/wp\/v2\/media?parent=87037"}],"wp:term":[{"taxonomy":"category","embeddable":true,"href":"https:\/\/www.europesays.com\/de\/wp-json\/wp\/v2\/categories?post=87037"},{"taxonomy":"post_tag","embeddable":true,"href":"https:\/\/www.europesays.com\/de\/wp-json\/wp\/v2\/tags?post=87037"}],"curies":[{"name":"wp","href":"https:\/\/api.w.org\/{rel}","templated":true}]}}