{"id":870475,"date":"2026-03-15T12:50:15","date_gmt":"2026-03-15T12:50:15","guid":{"rendered":"https:\/\/www.europesays.com\/de\/870475\/"},"modified":"2026-03-15T12:50:15","modified_gmt":"2026-03-15T12:50:15","slug":"konzert-in-der-stiftskirche-starker-auftakt-des-bachfests-stuttgart","status":"publish","type":"post","link":"https:\/\/www.europesays.com\/de\/870475\/","title":{"rendered":"Konzert in der Stiftskirche: Starker Auftakt des Bachfests Stuttgart"},"content":{"rendered":"<p>Jubel zum Auftakt: Das Bachfest Stuttgart hat in der Stuttgarter Stiftskirche mit hochexpressiven Barockwerken vom Dresdner Hof begonnen.<\/p>\n<p>Bunt ist das <a href=\"https:\/\/www.bachfest-stuttgart.de\/\" target=\"_blank\" rel=\"nofollow noopener\">Stuttgarter Bachfest<\/a>, vielfarbig und kontrastreich. Dass das j\u00e4hrliche Festival der Internationalen Bachakademie aber keineswegs beliebig Unterschiedliches zusammenbringt, hat am Freitagabend schon das Er\u00f6ffnungskonzert in der Stiftskirche bewiesen: Unter der Leitung des Akademieleiters Hans-Christoph Rademann begeisterte die Gaechinger Cantorey mit Werken, die keineswegs zu den Hits des geistlichen Repertoires z\u00e4hlen. Zwei Messen von Johann David Heinichen und von Jan Dismas Zelenka vereinen (damals) alte wie neue Kompositionstechniken, sie zeugen vom Glanz des barocken Dresdner Hofes ebenso wie vom Einfluss des italienischen Stils auf den deutschen und von der Oper auf die Sakralmusik. Bachs Werke sind die DNA des Festivals, doch f\u00fcr besondere Entdeckungen und f\u00fcr jede Menge Spannung sorgen die Blicke nach rechts und nach links.<\/p>\n<p>Prachtvolles und Unkonventionelles <\/p>\n<p>Dabei liegen stilistisch wie \u00e4sthetisch Welten zwischen Bachs Zeitgenossen Heinichen und Zelenka. Man h\u00f6rt Unkonventionelles, K\u00fchnes und Hochkonzentriertes bei Ersterem, konzertante Pracht und Effektbewusstsein bei Letzterem. Pauschal gesagt: Heinichen, bis zu seinem Tod 1729 Hofkapellmeister am (zun\u00e4chst protestantischen) Dresdner Hof Augusts des Starken, schrieb Musik f\u00fcr den zweiten, der aus B\u00f6hmen stammende Zelenka hingegen Musik f\u00fcr den ersten Blick. Davon zeugen im <a href=\"https:\/\/www.stuttgarter-nachrichten.de\/thema\/Konzert\" title=\"Konzert\" class=\"art_thema\" rel=\"nofollow noopener\" target=\"_blank\">Konzert<\/a> allein schon das befreite L\u00e4cheln der Singenden und Spielenden bei Zelenkas wohl unvollendeter \u201eMissa Dei Filii\u201c \u2013 ein L\u00e4cheln, das umso \u00fcberzeugender wirkt, als es dem hochvirtuosen Anspruch der Partitur diametral entgegensteht. <\/p>\n<p>  <img decoding=\"async\" loading=\"lazy\" src=\"https:\/\/www.europesays.com\/de\/wp-content\/uploads\/2026\/03\/media.media.52114106-d905-4b5c-ae95-e31161658053.original1024.media.jpeg\"\/>     Gaechinger Cantorey mit Hans-Christoph Rademann    Foto: Martin F\u00f6rster    <\/p>\n<p>Tats\u00e4chlich sind Zelenkas immer vor allem aus der Musik heraus begr\u00fcndete Bewegungen und Affekte unter Rademanns hochexpressivem Zugriff offenbar weniger H\u00fcrden als Herausforderungen. Das gilt ganz besonders f\u00fcr das ausufernde Gloria, eines der beeindruckendsten, vielschichtigsten Klang-Tableaus, die der Komponist je geschaffen hat: Bis hin zum Schlussakkord, der (gef\u00fchlt) mindestens zwanzigmal erklingt, ohne dass das finale \u201eCum Sancto Spiritu\u201c danach wirklich enden w\u00fcrde, fegt das Ensemble ohne R\u00fccksicht auf gelegentliche Pr\u00e4zisionsverluste wie ein Derwisch durch die Partitur \u2013 und serviert das Fugenthema dennoch in gr\u00f6\u00dftm\u00f6glicher Transparenz. Was f\u00fcr ein Rausch, und gleichzeitig: was f\u00fcr eine Klarheit! <\/p>\n<p>Gut, dass Heinichens zw\u00f6lfte (und letzte) Dresdner Messe zuvor erklingt, denn hier regiert neben gro\u00dfer Ausdrucksf\u00fclle eine \u00d6konomie der Mittel, deren Feinheiten man nach Zelenkas s\u00fcffigen Kl\u00e4ngen wohl kaum mehr wahrgenommen h\u00e4tte. Zuweilen bewegt sich das Werk durch die Messliturgie wie ein hochgetunter SUV durch eine Tempo-30-Zone; man h\u00f6rt zum Beispiel nicht, dass es instrumental viel reicher besetzt ist als die \u201eMissa Dei Filii\u201c, weil Heinichen die Gesangsbegleitung sehr variabel gestaltet. Dabei bietet sein St\u00fcck, das in gro\u00dfen Teilen auf Textwiederholungen verzichtet, \u00dcberraschungen ohne Ende: harmonisch, in der Textausdeutung und in vielen chromatischen Passagen, die das gute Solistenquartett mit dem zuletzt deutlich tiefer und runder klingenden Tenor Benedikt Kristj\u00e1nsson an der Spitze emphatisch und pr\u00e4zise gestaltet. Die st\u00e4rkste Wirkung erzielen dabei das dreistimmige \u201eEt incarnatus est\u201c des Credo-Satzes und der Schluss des Agnus Dei. Bevor es dort im \u201eDona nobis pacem\u201c zu jenem Zustand kommt, als dessen Botschafter sich der Akademieleiter versteht, setzt Heinichen wirkungsvoll eine Generalpause, bei der das Publikum den Atem anh\u00e4lt. Vor dem Frieden steht der Waffenstillstand. Wir lauschen und hoffen.<\/p>\n<p>Bachfest <a href=\"https:\/\/www.stuttgarter-nachrichten.de\/thema\/Stuttgart\" title=\"Stuttgart\" class=\"art_thema\" rel=\"nofollow noopener\" target=\"_blank\">Stuttgart<\/a> \u2013 die H\u00f6hepunkte 2026 <\/p>\n<p class=\"infobox\"> <strong>Festival <\/strong><br \/>Unter dem Motto \u201eWeil wir Bach lieben!\u201c veranstaltet die <a href=\"https:\/\/www.stuttgarter-nachrichten.de\/thema\/Internationale_Bachakademie_Stuttgart\" title=\"Internationale Bachakademie Stuttgart\" class=\"art_thema\" rel=\"nofollow noopener\" target=\"_blank\">Internationale Bachakademie Stuttgart<\/a> bis zum 28. M\u00e4rz ihr j\u00e4hrliches Musikfest, das 2026 zum zweiten Mal den Titel Bachfest Stuttgart tr\u00e4gt.<\/p>\n<p class=\"infobox\"> <strong>Klassik-Stars <\/strong><br \/>Zu erleben sind bekannte Ensembles wie Concerto Copenhagen (\u201eNew Brandenburg Concertos\u201c am 26. M\u00e4rz), Solomon\u2019s Knot (Bachs Markus-Passion am 25. M\u00e4rz), Voces Suaves und Gli Incogniti (Buxtehude, \u201eMembra Jesu Nostri\u201c am 27. M\u00e4rz), Le Concert de l\u2019Hostel Dieu (\u201eBach to Minimalism\u201c am 20. M\u00e4rz), Vox Luminis und das Freiburger Barockorchester (Telemann-Kantaten am 16. M\u00e4rz). <\/p>\n<p class=\"infobox\"> <strong>Hans-Christoph Rademann <\/strong><br \/>Der Leiter der Internationalen Bachakademie Stuttgart erarbeitet mit den Nachwuchsmusikern des Jungen Stuttgarter Bach-Ensembles (JSB) Bachs lutherische Messen (Gesamtauff\u00fchrung am 22. M\u00e4rz), zudem dirigiert Rademann die Gaechinger Cantorey bei Bachs h-Moll-Messe (Abschlusskonzert am 28. M\u00e4rz). Diese Auff\u00fchrungen werden von zahlreichen Vortr\u00e4gen flankiert.<\/p>\n<p class=\"infobox\"> <strong>Vielfalt <\/strong><br \/>Neben Barockmusik gibt es Jazz, Improvisation, Kinderkonzerte (etwa mit den Hanke Brothers), ein \u201eBachtanzlab\u201c zu Bachs Geburtstag (21. M\u00e4rz), eine Hommage an Paul Gerhardt mit dem Windsbacher Knabenchor und der klassischen Band Spark (24. M\u00e4rz), und Pianist Tim Allhoff schl\u00e4gt mit dem Streichquartett Vienna Morphing Quartet Br\u00fccken von Bach zu den Beatles (23. M\u00e4rz).<\/p>\n<p class=\"infobox\"> <strong>Service<\/strong><br \/>Karten und Informationen unter Telefon 0711 \/ 619 21 61 (Easy Ticket) oder im Internet unter <a href=\"https:\/\/www.bachfest-stuttgart.de\/\" target=\"_blank\" rel=\"nofollow noopener\"> www.bachfest-stuttgart.de <\/a>. <\/p>\n","protected":false},"excerpt":{"rendered":"Jubel zum Auftakt: Das Bachfest Stuttgart hat in der Stuttgarter Stiftskirche mit hochexpressiven Barockwerken vom Dresdner Hof begonnen.&hellip;\n","protected":false},"author":2,"featured_media":870476,"comment_status":"","ping_status":"","sticky":false,"template":"","format":"standard","meta":{"footnotes":"","_share_on_mastodon":"0"},"categories":[1830],"tags":[22465,1634,3364,29,912,30,46154,135927,1310,80,1441],"class_list":["post-870475","post","type-post","status-publish","format-standard","has-post-thumbnail","category-stuttgart","tag-bachfest","tag-baden-wuerttemberg","tag-de","tag-deutschland","tag-eroeffnung","tag-germany","tag-hans-christoph-rademann","tag-internationale-bachakademie-stuttgart","tag-konzert","tag-kultur","tag-stuttgart"],"share_on_mastodon":{"url":"https:\/\/pubeurope.com\/@de\/116233281772434451","error":""},"_links":{"self":[{"href":"https:\/\/www.europesays.com\/de\/wp-json\/wp\/v2\/posts\/870475","targetHints":{"allow":["GET"]}}],"collection":[{"href":"https:\/\/www.europesays.com\/de\/wp-json\/wp\/v2\/posts"}],"about":[{"href":"https:\/\/www.europesays.com\/de\/wp-json\/wp\/v2\/types\/post"}],"author":[{"embeddable":true,"href":"https:\/\/www.europesays.com\/de\/wp-json\/wp\/v2\/users\/2"}],"replies":[{"embeddable":true,"href":"https:\/\/www.europesays.com\/de\/wp-json\/wp\/v2\/comments?post=870475"}],"version-history":[{"count":0,"href":"https:\/\/www.europesays.com\/de\/wp-json\/wp\/v2\/posts\/870475\/revisions"}],"wp:featuredmedia":[{"embeddable":true,"href":"https:\/\/www.europesays.com\/de\/wp-json\/wp\/v2\/media\/870476"}],"wp:attachment":[{"href":"https:\/\/www.europesays.com\/de\/wp-json\/wp\/v2\/media?parent=870475"}],"wp:term":[{"taxonomy":"category","embeddable":true,"href":"https:\/\/www.europesays.com\/de\/wp-json\/wp\/v2\/categories?post=870475"},{"taxonomy":"post_tag","embeddable":true,"href":"https:\/\/www.europesays.com\/de\/wp-json\/wp\/v2\/tags?post=870475"}],"curies":[{"name":"wp","href":"https:\/\/api.w.org\/{rel}","templated":true}]}}