{"id":87051,"date":"2025-05-05T19:04:18","date_gmt":"2025-05-05T19:04:18","guid":{"rendered":"https:\/\/www.europesays.com\/de\/87051\/"},"modified":"2025-05-05T19:04:18","modified_gmt":"2025-05-05T19:04:18","slug":"radtour-wandeln-und-handeln-zum-thema-nachhaltigkeit","status":"publish","type":"post","link":"https:\/\/www.europesays.com\/de\/87051\/","title":{"rendered":"Radtour \u201eWandeln und Handeln\u201c zum Thema Nachhaltigkeit"},"content":{"rendered":"<p>\t\t<a href=\"https:\/\/www.allesmuenster.de\/cms\/wp-content\/uploads\/wandeln-und-handeln_gruppe.jpg\" target=\"_blank\" rel=\"noopener\"><img loading=\"lazy\" decoding=\"async\" class=\"wp-image-123134 size-medium\" src=\"https:\/\/www.europesays.com\/de\/wp-content\/uploads\/2025\/05\/wandeln-und-handeln_gruppe-300x200.jpg\" alt=\"35 Radfahrerinnen und Radfahrer waren bei der Tour &quot;Wandeln und Handeln&quot; unterwegs. (Foto: Suessenguth \/ Vamos)\" width=\"300\" height=\"200\"  \/><\/a>35 Radfahrerinnen und Radfahrer waren bei der Tour \u201eWandeln und Handeln\u201c unterwegs. (Foto: Suessenguth \/ Vamos)<\/p>\n<p class=\"\" data-start=\"265\" data-end=\"687\"><strong>Bei bestem Fr\u00fchlingswetter fand am vergangenen Sonntag (27. April) die Saisoner\u00f6ffnung der Themenradtouren \u201eWandeln &amp; Handeln Routen\u201c des Bildungstr\u00e4gers <a href=\"https:\/\/vamos-muenster.de\/\" target=\"_blank\" rel=\"noopener\">Vamos e.V.<\/a> M\u00fcnsterland in Kooperation mit dem <a href=\"https:\/\/muenster.adfc.de\/\" target=\"_blank\" rel=\"noopener\">ADFC M\u00fcnsterland<\/a> statt. Eine Gruppe 35 gut gelaunter Radfahrerinnen und Radfahrer startete am Aasee und machte sich laut Pressemitteilung auf eine abwechslungsreiche Entdeckungsreise zu Nachhaltigkeitsthemen und fairer Produktion.<\/strong><\/p>\n<p class=\"\" data-start=\"689\" data-end=\"1273\">Erstes Ziel war das <a href=\"https:\/\/www.stift-tilbeck.de\/\" target=\"_blank\" rel=\"noopener\">Stift Tilbeck<\/a>, wo eine interaktive Mitmachstation von Vamos informativ und anschaulich \u00fcber die Hintergr\u00fcnde des internationalen Blumenhandels aufkl\u00e4rte. Radguide Bernd Uppena erl\u00e4uterte vor Ort, dass nur rund 20 Prozent der in Deutschland verkauften Schnittblumen auch tats\u00e4chlich aus dem Inland stammen. Der Gro\u00dfteil werde unter fragw\u00fcrdigen Bedingungen in L\u00e4ndern des globalen S\u00fcdens produziert. \u201eViele Blumen, die hier verkauft werden, stammen aus S\u00fcdamerika und Afrika \u2013 produziert unter unfairen Arbeitsbedingungen und mit hohem Pestizideinsatz\u201c, so Uppena. Projektleiter Tore S\u00fc\u00dfenguth erg\u00e4nzte: \u201eUnsere Mitmachstation bietet nicht nur Informationen, sondern auch konkrete Anregungen, wie Verbraucherinnen und Verbraucher selbst aktiv werden k\u00f6nnen.\u201c<\/p>\n<p class=\"\" data-start=\"689\" data-end=\"1273\">Nach einer Kaffeepause im inklusiven Caf\u00e9 \u201etilbecks\u201c f\u00fchrte die weitgehend autofreie Route entlang bl\u00fchender Rapsfelder und der Stever zu den <a href=\"https:\/\/naturschutzzentrum-coesfeld.de\/nsg-rieselfelder-appelhuelsen-1463\" target=\"_blank\" rel=\"noopener\">Appelh\u00fclsener Rieselfeldern<\/a>. Dort wartete eine weitere Station der SteverLandRoute (<a class=\"\" href=\"http:\/\/www.steverlandroute.de\" target=\"_new\" rel=\"noopener\" data-start=\"1681\" data-end=\"1703\">www.steverlandroute.de<\/a>) auf die Teilnehmenden. Ein besonderes Highlight war der Besuch des Radaktionstages des Kreises Coesfeld in Hiddingsel, bei dem sich alles rund um \u201eRad, Sport und Natur\u201c drehte.<\/p>\n<p>N\u00e4chste Themenradtour \u201eFaire Arbeit\u201c am 25. Mai<br \/>\n<a href=\"https:\/\/www.allesmuenster.de\/cms\/wp-content\/uploads\/wandeln-und-handeln_weste.jpg\" target=\"_blank\" rel=\"noopener\"><img loading=\"lazy\" decoding=\"async\" class=\"size-medium wp-image-123135\" src=\"https:\/\/www.europesays.com\/de\/wp-content\/uploads\/2025\/05\/wandeln-und-handeln_weste-300x200.jpg\" alt=\"Am 25. Mai findet die n\u00e4chste Tour statt. (Foto: Suessenguth \/ Vamos)\" width=\"300\" height=\"200\"  \/><\/a>Am 25. Mai findet die n\u00e4chste Tour statt. (Foto: Suessenguth \/ Vamos)<\/p>\n<p class=\"\" data-start=\"689\" data-end=\"1273\">Am Samstag, den 25. Mai, l\u00e4dt Vamos zur n\u00e4chsten gef\u00fchrten Themenradtour ein. Start ist um 10 Uhr am Bahnhof Havixbeck. Die 35 Kilometer lange Tour mit rund 220 H\u00f6henmetern steht unter dem Motto \u201eMach dich auf die Socken\u201c und widmet sich dem Thema \u201eFaire Arbeit\u201c. Tourguide Bernd Uppena f\u00fchrt die Gruppe \u00fcber Billerbeck zum Longinus-Turm, durch das idyllische Stevertal nach Tilbeck und zur\u00fcck nach Havixbeck. Unterwegs werden verschiedene Einrichtungen besucht, die f\u00fcr faire Arbeitsbedingungen sowie nachhaltige, regionale und globale Produktionsweisen stehen. Die Tour dauert etwa sechs Stunden und ist f\u00fcr alle Fahrradtypen (auch Bio-Bikes und Dreir\u00e4der) geeignet. Die durchschnittliche Fahrgeschwindigkeit liegt bei 15 bis 18 km\/h.<\/p>\n<p class=\"\" data-start=\"2672\" data-end=\"3050\">Das Angebot ist Teil des Projekts \u201eM\u00fcnsterland Global Lokal\u201c, das unter dem Dach von Vamos e.V. mit den \u201eWandeln &amp; Handeln Routen quer durchs M\u00fcnsterland\u201c Themen wie Energie, Naturschutz, Faire Arbeit und nachhaltige Ern\u00e4hrung sichtbar macht. Ziel ist es, lokale Initiativen kennenzulernen und Handlungsm\u00f6glichkeiten f\u00fcr ein solidarisches und nachhaltiges Leben aufzuzeigen.<\/p>\n<p>Die Tour wird erneut in Kooperation mit dem ADFC M\u00fcnsterland durchgef\u00fchrt. Eine Anmeldung ist erw\u00fcnscht \u00fcber die Webseite <a class=\"\" href=\"https:\/\/mlgl.vamos-muenster.de\/termine\/\" target=\"_new\" rel=\"noopener\" data-start=\"3179\" data-end=\"3261\">https:\/\/mlgl.vamos-muenster.de\/termine\/ <\/a>oder per E-Mail an: <a rel=\"noopener\" data-start=\"3287\" data-end=\"3316\">suessenguth@vamos-muenster.de<\/a><\/p>\n","protected":false},"excerpt":{"rendered":"35 Radfahrerinnen und Radfahrer waren bei der Tour \u201eWandeln und Handeln\u201c unterwegs. (Foto: Suessenguth \/ Vamos) Bei bestem&hellip;\n","protected":false},"author":2,"featured_media":87052,"comment_status":"","ping_status":"","sticky":false,"template":"","format":"standard","meta":{"footnotes":""},"categories":[1843],"tags":[7380,3364,29,8409,30,8970,1209,17064,36233],"class_list":{"0":"post-87051","1":"post","2":"type-post","3":"status-publish","4":"format-standard","5":"has-post-thumbnail","7":"category-muenster","8":"tag-adfc","9":"tag-de","10":"tag-deutschland","11":"tag-fahrradtour","12":"tag-germany","13":"tag-muenster","14":"tag-nordrhein-westfalen","15":"tag-radfahren","16":"tag-vamos"},"share_on_mastodon":{"url":"https:\/\/pubeurope.com\/@de\/114456787426302213","error":""},"_links":{"self":[{"href":"https:\/\/www.europesays.com\/de\/wp-json\/wp\/v2\/posts\/87051","targetHints":{"allow":["GET"]}}],"collection":[{"href":"https:\/\/www.europesays.com\/de\/wp-json\/wp\/v2\/posts"}],"about":[{"href":"https:\/\/www.europesays.com\/de\/wp-json\/wp\/v2\/types\/post"}],"author":[{"embeddable":true,"href":"https:\/\/www.europesays.com\/de\/wp-json\/wp\/v2\/users\/2"}],"replies":[{"embeddable":true,"href":"https:\/\/www.europesays.com\/de\/wp-json\/wp\/v2\/comments?post=87051"}],"version-history":[{"count":0,"href":"https:\/\/www.europesays.com\/de\/wp-json\/wp\/v2\/posts\/87051\/revisions"}],"wp:featuredmedia":[{"embeddable":true,"href":"https:\/\/www.europesays.com\/de\/wp-json\/wp\/v2\/media\/87052"}],"wp:attachment":[{"href":"https:\/\/www.europesays.com\/de\/wp-json\/wp\/v2\/media?parent=87051"}],"wp:term":[{"taxonomy":"category","embeddable":true,"href":"https:\/\/www.europesays.com\/de\/wp-json\/wp\/v2\/categories?post=87051"},{"taxonomy":"post_tag","embeddable":true,"href":"https:\/\/www.europesays.com\/de\/wp-json\/wp\/v2\/tags?post=87051"}],"curies":[{"name":"wp","href":"https:\/\/api.w.org\/{rel}","templated":true}]}}