{"id":870531,"date":"2026-03-15T13:21:16","date_gmt":"2026-03-15T13:21:16","guid":{"rendered":"https:\/\/www.europesays.com\/de\/870531\/"},"modified":"2026-03-15T13:21:16","modified_gmt":"2026-03-15T13:21:16","slug":"maria-kalesnikava-nimmt-karlspreis-2022-persoenlich-entgegen","status":"publish","type":"post","link":"https:\/\/www.europesays.com\/de\/870531\/","title":{"rendered":"Maria Kalesnikava nimmt Karlspreis 2022 pers\u00f6nlich entgegen"},"content":{"rendered":"<p>Nach Haftstrafe in Belarus <\/p>\n<p>Maria Kalesnikava nimmt Karlspreis 2022 in Aachen entgegen<\/p>\n<p>15.03.2026 &#8211; 13:43 UhrLesedauer: 2 Min.<\/p>\n<p><a href=\"#focus-0\" class=\"transition-colors duration-200 block text-current relative\" data-sctrack=\"FocusGalleryImage.Reference\"><img fetchpriority=\"high\" data-testid=\"Opener.Image\" style=\"--lqipURL:url('https:\/\/images.t-online.de\/2026\/03\/xXXZwqfiBJXk\/0x167:1600x900\/fit-in\/150x0\/filters:blur(25)\/zeichen-fuer-freiheit-und-solidaritaet-oberbuergermeister-michael-ziemons-die-schwester-der-karlspreistraegerin-tatsiana-khomich-karlspreistraegerin-2022-maria-kalesnikava-und-vorsitzender-des-karlspreisdirektoriums-armin-laschet-v-l.jpg')\"   loading=\"eager\" src=\"https:\/\/www.europesays.com\/de\/wp-content\/uploads\/2026\/03\/zeichen-fuer-freiheit-und-solidaritaet-oberbuergermeister-michael-ziemons-die-schwester-der-karlspre.jpeg\" alt=\"Zeichen f\u00fcr Freiheit und Solidarit\u00e4t: Oberb\u00fcrgermeister Michael Ziemons, die Schwester der Karlspreistr\u00e4gerin Tatsiana Khomich, Karlspreistr\u00e4gerin 2022 Maria Kalesnikava und Vorsitzender des Karlspreisdirektoriums Armin Laschet (v. l.).\" title=\"Zeichen f\u00fcr Freiheit und Solidarit\u00e4t: Oberb\u00fcrgermeister Michael Ziemons, die Schwester der Karlspreistr\u00e4gerin Tatsiana Khomich, Karlspreistr\u00e4gerin 2022 Maria Kalesnikava und Vorsitzender des Karlspreisdirektoriums Armin Laschet (v. l.).\" width=\"1600\" height=\"900\" class=\"bg-[url:var(--lqipURL)] bg-cover bg-center flex h-full w-full max-w-full\" decoding=\"async\"\/><img style=\"--width:32;--height:32\" loading=\"lazy\" src=\"https:\/\/aachen.t-online.de\/s\/paper\/_next\/static\/media\/zoom-in.f7dae02f.svg\" alt=\"Vergr\u00f6\u00dfern des Bildes\" title=\"Vergr\u00f6\u00dfern des Bildes\" class=\"block h-[calc(var(--height)_\/_16_*_1rem)] w-[calc(var(--width)_\/_16_*_1rem)] max-w-none absolute bottom-8 right-8 rounded-4 bg-snow p-8\" decoding=\"async\"\/><\/a><\/p>\n<p>Zeichen f\u00fcr Freiheit und Solidarit\u00e4t: Oberb\u00fcrgermeister Michael Ziemons, die Schwester der Karlspreistr\u00e4gerin Tatsiana Khomich, Karlspreistr\u00e4gerin 2022 Maria Kalesnikava und Vorsitzender des Karlspreisdirektoriums Armin Laschet (v. l.). (Quelle: Stadt Aachen)<\/p>\n<p class=\"font-bold text-18 leading-17 user-text-lg:text-22 user-text-xl:text-24\">Die belarussische B\u00fcrgerrechtlerin erh\u00e4lt den Internationalen Karlspreis pers\u00f6nlich in Aachen. Politik und Kultur w\u00fcrdigen ihr Engagement f\u00fcr Demokratie.<\/p>\n<p class=\"text-18 leading-17 user-text-lg:text-22 user-text-xl:text-24\">Maria Kalesnikava hat am Samstag im Aachener Kr\u00f6nungssaal den Internationalen Karlspreis f\u00fcr das Jahr 2022 pers\u00f6nlich entgegengenommen. Die belarussische B\u00fcrgerrechtlerin war im Dezember 2025 aus politischer Haft in Belarus freigekommen. Die Auszeichnung, die ihr 2022 in Abwesenheit verliehen worden war, \u00fcbergab ihre Schwester Tatsiana Khomich stellvertretend.<\/p>\n<p class=\"text-18 leading-17 user-text-lg:text-22 user-text-xl:text-24\">Aachens Oberb\u00fcrgermeister Michael Ziemons er\u00f6ffnete den Festakt und hob Kalesnikavas Mut und Haltung im Kampf f\u00fcr Freiheit und Rechtsstaatlichkeit hervor. Er erinnerte an ihre mehr als 600 Tage Haft unter schwierigen Bedingungen: &#8222;Und dennoch zeigte sie im Gerichtssaal im September 2021, als sie das Urteil entgegennahm, eine Geste, die weit \u00fcber diesen Moment hinausging: Mit gefesselten H\u00e4nden formte sie ein Herz. Dieses Herz ist zu einem Symbol geworden \u2013 f\u00fcr Belarus, f\u00fcr Europa und f\u00fcr die Kraft eines menschlichen Willens der sich dem Unrecht nicht beugt. Frau Kalesnikava, es war Ihr Herz. Aber es schl\u00e4gt f\u00fcr uns alle.&#8220;<\/p>\n<p class=\"text-18 leading-17 user-text-lg:text-22 user-text-xl:text-24\">Im Mittelpunkt der Zeremonie stand die symbolische \u00dcbergabe des Karlspreises. Kalesnikava trug sich anschlie\u00dfend in das Goldene Buch der Stadt Aachen ein. In ihrer Rede dankte sie ihrer Schwester f\u00fcr deren unerm\u00fcdlichen Einsatz und w\u00fcrdigte die Unterst\u00fctzung aus Deutschland und Europa. Sie betonte: &#8222;Dieser Preis geh\u00f6rt nicht nur mir. Er geh\u00f6rt allen, die geglaubt, gek\u00e4mpft und nicht aufgegeben haben. Demokratie lebt davon, dass Menschen sprechen. Unsere Stimmen m\u00fcssen st\u00e4rker sein. Die Stimme der Freiheit. Die Stimme der W\u00fcrde. Die Stimme der Solidarit\u00e4t.&#8220;<\/p>\n<p class=\"text-18 leading-17 user-text-lg:text-22 user-text-xl:text-24\">Der Aachener Bundestagsabgeordnete Armin Laschet, Vorsitzender des Karlspreisdirektoriums, \u00fcberreichte eine extra entworfene Karlspreis-Plakette an Tatsiana Khomich. Er betonte die Bedeutung von Belarus f\u00fcr Europa und rief zu st\u00e4rkerem diplomatischem Engagement auf: &#8222;Europa muss eigene Wege nach Belarus f\u00fcr Menschenrechte und Freiheit \u00f6ffnen.&#8220;<\/p>\n<p class=\"text-18 leading-17 user-text-lg:text-22 user-text-xl:text-24\">Die Veranstaltung wurde von einer Gespr\u00e4chsrunde mit Kalesnikava, Claudia Roth und Thomas Rachel begleitet, moderiert wurde sie von Claus Kleber. Dabei ging es um die Situation in Belarus, Kalesnikavas pers\u00f6nliche Geschichte sowie die Unterst\u00fctzung durch europ\u00e4ische Patenschaften f\u00fcr politische Gefangene. Musikalisch umrahmte die belarussische Komponistin Olga Podgaiskaya die Zeremonie mit Werken ihres Five-Storey Ensembles.<\/p>\n","protected":false},"excerpt":{"rendered":"Nach Haftstrafe in Belarus Maria Kalesnikava nimmt Karlspreis 2022 in Aachen entgegen 15.03.2026 &#8211; 13:43 UhrLesedauer: 2 Min.&hellip;\n","protected":false},"author":2,"featured_media":870532,"comment_status":"","ping_status":"","sticky":false,"template":"","format":"standard","meta":{"footnotes":"","_share_on_mastodon":"0"},"categories":[1853],"tags":[722,63415,1424,506,916,3364,29,548,663,3934,30,5537,13,44514,44477,14,15,1209,12,192484],"class_list":["post-870531","post","type-post","status-publish","format-standard","has-post-thumbnail","category-aachen","tag-722","tag-63415","tag-aachen","tag-armin-laschet","tag-belarus","tag-de","tag-deutschland","tag-eu","tag-europa","tag-europe","tag-germany","tag-haftstrafe","tag-headlines","tag-karlspreis","tag-michael-ziemon","tag-nachrichten","tag-news","tag-nordrhein-westfalen","tag-schlagzeilen","tag-tatsiana-khomich"],"share_on_mastodon":{"url":"https:\/\/pubeurope.com\/@de\/116233403721221870","error":""},"_links":{"self":[{"href":"https:\/\/www.europesays.com\/de\/wp-json\/wp\/v2\/posts\/870531","targetHints":{"allow":["GET"]}}],"collection":[{"href":"https:\/\/www.europesays.com\/de\/wp-json\/wp\/v2\/posts"}],"about":[{"href":"https:\/\/www.europesays.com\/de\/wp-json\/wp\/v2\/types\/post"}],"author":[{"embeddable":true,"href":"https:\/\/www.europesays.com\/de\/wp-json\/wp\/v2\/users\/2"}],"replies":[{"embeddable":true,"href":"https:\/\/www.europesays.com\/de\/wp-json\/wp\/v2\/comments?post=870531"}],"version-history":[{"count":0,"href":"https:\/\/www.europesays.com\/de\/wp-json\/wp\/v2\/posts\/870531\/revisions"}],"wp:featuredmedia":[{"embeddable":true,"href":"https:\/\/www.europesays.com\/de\/wp-json\/wp\/v2\/media\/870532"}],"wp:attachment":[{"href":"https:\/\/www.europesays.com\/de\/wp-json\/wp\/v2\/media?parent=870531"}],"wp:term":[{"taxonomy":"category","embeddable":true,"href":"https:\/\/www.europesays.com\/de\/wp-json\/wp\/v2\/categories?post=870531"},{"taxonomy":"post_tag","embeddable":true,"href":"https:\/\/www.europesays.com\/de\/wp-json\/wp\/v2\/tags?post=870531"}],"curies":[{"name":"wp","href":"https:\/\/api.w.org\/{rel}","templated":true}]}}