{"id":870606,"date":"2026-03-15T13:59:14","date_gmt":"2026-03-15T13:59:14","guid":{"rendered":"https:\/\/www.europesays.com\/de\/870606\/"},"modified":"2026-03-15T13:59:14","modified_gmt":"2026-03-15T13:59:14","slug":"junge-kletterin-in-saechsischer-schweiz-abgestuerzt-schwer-verletzt-doch-schlimmeres-verhindert","status":"publish","type":"post","link":"https:\/\/www.europesays.com\/de\/870606\/","title":{"rendered":"Junge Kletterin in S\u00e4chsischer Schweiz abgest\u00fcrzt: Schwer verletzt, doch Schlimmeres verhindert"},"content":{"rendered":"<p class=\"text\">\nIn der S\u00e4chsischen Schweiz ist eine junge Frau an der B\u00e4rensteinnadel nahe Naundorf abgest\u00fcrzt. Wie der Einsatzleiter der Bergwacht Dresden, Matthias Gathmann, auf Anfrage von MDR SACHSEN mitteilte, hatte die Kletterin am Samstagmittag beim Vorstieg den Halt verloren.\n<\/p>\n<p class=\"text\">\nDemnach st\u00fcrzte sie zwischen f\u00fcnf und acht Metern in die Tiefe. Sicherungen haben Gathmann zufolge den weiteren Absturz gestoppt. Dennoch sei die Frau &#8211; nach Reportangaben 23 Jahre alt &#8211; gegen den Felsen geprallt.\n<\/p>\n<p>Von Rettungs\u00fcbung zum realen Einsatz<\/p>\n<p class=\"text\">\nBei dem Absturz habe sich die Kletterin am Kopf verletzt, erkl\u00e4rte Gathmann. Er und sein siebenk\u00f6pfiges Team seien bei einer Rettungs\u00fcbung im etwa zwei Kilometer entfernten Rauenstein gewesen, als der Notruf bei ihnen einging.\n<\/p>\n<p class=\"text\">\nDaneben seien drei Einsatzkr\u00e4fte der Bergwacht Pirna zum Unfallort gekommen, so Gathmann. W\u00e4hrend des Rettungseinsatzes sei die junge Frau ansprechbar gewesen. Notfallsanit\u00e4ter flogen die 23-J\u00e4hrige schlie\u00dflich in ein Krankenhaus.<\/p>\n","protected":false},"excerpt":{"rendered":"In der S\u00e4chsischen Schweiz ist eine junge Frau an der B\u00e4rensteinnadel nahe Naundorf abgest\u00fcrzt. Wie der Einsatzleiter der&hellip;\n","protected":false},"author":2,"featured_media":870607,"comment_status":"","ping_status":"","sticky":false,"template":"","format":"standard","meta":{"footnotes":"","_share_on_mastodon":"0"},"categories":[1835],"tags":[16224,10075,3364,29,2386,30,30220,81,14,859,4402,293],"class_list":["post-870606","post","type-post","status-publish","format-standard","has-post-thumbnail","category-dresden","tag-klettern","tag-absturz","tag-de","tag-deutschland","tag-dresden","tag-germany","tag-kletterer","tag-mdr","tag-nachrichten","tag-sachsen","tag-saechsische","tag-schweiz"],"share_on_mastodon":{"url":"https:\/\/pubeurope.com\/@de\/116233553013035021","error":""},"_links":{"self":[{"href":"https:\/\/www.europesays.com\/de\/wp-json\/wp\/v2\/posts\/870606","targetHints":{"allow":["GET"]}}],"collection":[{"href":"https:\/\/www.europesays.com\/de\/wp-json\/wp\/v2\/posts"}],"about":[{"href":"https:\/\/www.europesays.com\/de\/wp-json\/wp\/v2\/types\/post"}],"author":[{"embeddable":true,"href":"https:\/\/www.europesays.com\/de\/wp-json\/wp\/v2\/users\/2"}],"replies":[{"embeddable":true,"href":"https:\/\/www.europesays.com\/de\/wp-json\/wp\/v2\/comments?post=870606"}],"version-history":[{"count":0,"href":"https:\/\/www.europesays.com\/de\/wp-json\/wp\/v2\/posts\/870606\/revisions"}],"wp:featuredmedia":[{"embeddable":true,"href":"https:\/\/www.europesays.com\/de\/wp-json\/wp\/v2\/media\/870607"}],"wp:attachment":[{"href":"https:\/\/www.europesays.com\/de\/wp-json\/wp\/v2\/media?parent=870606"}],"wp:term":[{"taxonomy":"category","embeddable":true,"href":"https:\/\/www.europesays.com\/de\/wp-json\/wp\/v2\/categories?post=870606"},{"taxonomy":"post_tag","embeddable":true,"href":"https:\/\/www.europesays.com\/de\/wp-json\/wp\/v2\/tags?post=870606"}],"curies":[{"name":"wp","href":"https:\/\/api.w.org\/{rel}","templated":true}]}}