{"id":87090,"date":"2025-05-05T19:26:12","date_gmt":"2025-05-05T19:26:12","guid":{"rendered":"https:\/\/www.europesays.com\/de\/87090\/"},"modified":"2025-05-05T19:26:12","modified_gmt":"2025-05-05T19:26:12","slug":"tierheim-nuernberg-angora-kaninchen-mix-ash-sucht-heim","status":"publish","type":"post","link":"https:\/\/www.europesays.com\/de\/87090\/","title":{"rendered":"Tierheim N\u00fcrnberg: Angora-Kaninchen-Mix Ash sucht Heim"},"content":{"rendered":"<p>Newsblog zum Tierheim N\u00fcrnberg <\/p>\n<p>Gefunden, aber nie abgeholt: Wer hilft dem kleinen Ash?<\/p>\n<p>Aktualisiert am 05.05.2025 &#8211; 20:19 UhrLesedauer: 3 Min.<\/p>\n<p><a href=\"#focus-0\" class=\"transition-colors duration-200 focus-within:text-magenta block text-current relative\" data-sctrack=\"FocusGalleryImage.Reference\"><img fetchpriority=\"high\" data-testid=\"Opener.Image\" style=\"--lqipURL:url('https:\/\/images.t-online.de\/2025\/05\/4k4PBLmXUZ3X\/0x214:4000x2250\/fit-in\/150x0\/filters:blur(25)\/angora-kaninchen-angorakaninchen-oryctolagus-cuniculus-f-domestica-portraet-eines-weissen-tieres-angora-rabbit-oryctolagus-cuniculus-f-domestica-portrait-of-a-white-individual-blws200033.jpg')\"   loading=\"eager\" src=\"https:\/\/www.europesays.com\/de\/wp-content\/uploads\/2025\/05\/angora-kaninchen-angorakaninchen-oryctolagus-cuniculus-f-domestica-portraet-eines-weissen-tieres-ang.jpeg\" alt=\"Ein Angora-Kaninchen (Symbolbild): Ash muss wegen seiner Rasse regelm\u00e4\u00dfig geschoren werden.\" title=\"Ein Angora-Kaninchen (Symbolbild): Ash muss wegen seiner Rasse regelm\u00e4\u00dfig geschoren werden.\" width=\"4000\" height=\"2250\" class=\"bg-[url:var(--lqipURL)] bg-cover bg-center flex w-full max-w-full h-full\" decoding=\"async\"\/><img style=\"--width:32;--height:32\" loading=\"lazy\" src=\"https:\/\/www.europesays.com\/de\/wp-content\/uploads\/2025\/03\/zoom-in.f7dae02f.svg.svg+xml\" alt=\"Vergr\u00f6\u00dfern des Bildes\" title=\"Vergr\u00f6\u00dfern des Bildes\" class=\"&#10;        block&#10;        h-[calc(var(--height)_\/_16_*_1rem)]&#10;        w-[calc(var(--width)_\/_16_*_1rem)]&#10;        max-w-none&#10;        absolute bottom-8 right-8 rounded-4 bg-snow p-8\" decoding=\"async\"\/><\/a><\/p>\n<p>Ein Angora-Kaninchen (Symbolbild): Ash muss wegen seiner Rasse regelm\u00e4\u00dfig geschoren werden. (Quelle: imago stock&amp;people\/imago)<\/p>\n<p class=\"font-bold text-18 leading-17\">Im N\u00fcrnberger Tierheim warten Hunde, Katzen und viele andere Tiere auf ein neues Zuhause. Im Newsblog erfahren Sie bewegende Geschichten, Heldentaten und spannende Einblicke in den Alltag der Tiervermittlung.<\/p>\n<p class=\"text-18 leading-17\">Ash sucht ein liebevolles Zuhause. Seit dem vergangenen Sommer lebt der etwa zehn Monate alte Angora-Mix im Tierheim <a class=\"transition-colors duration-200 cursor-pointer text-inherit no-underline text-salemsfur md:hover:text-magenta md:hover:border-magenta md:focus:text-magenta border-current border-b border-solid break-words\" href=\"https:\/\/www.t-online.de\/region\/nuernberg\/\" data-sctrack=\"BodyAnchor\" rel=\"nofollow noopener\" target=\"_blank\">N\u00fcrnberg<\/a>, nachdem er gefunden und nicht abgeholt wurde, wie das Tierheim N\u00fcrnberg auf Instagram mitteilte.<\/p>\n<p class=\"text-18 leading-17\">Anfangs zeigt sich das kastrierte M\u00e4nnchen Menschen gegen\u00fcber eher sch\u00fcchtern, doch bei vertrauten Personen wird er zutraulich. Gegen\u00fcber Artgenossen tritt Ash meist dominant auf, kann sich jedoch unterordnen, wenn das andere Kaninchen ihm klare Grenzen setzt.<\/p>\n<p class=\"text-18 leading-17\">Aufgrund einer Zahnfehlstellung mussten ihm die Schneidez\u00e4hne entfernt werden. Deshalb ben\u00f6tigt er geraspeltes Gem\u00fcse \u2013 ansonsten bereite ihm das kein Probleme. Als Angora-Mix muss Ash aber von seinen neuen Halten regelm\u00e4\u00dfig gek\u00e4mmt und geschoren werden, betont das Tierheim.<\/p>\n<p class=\"text-18 leading-17\">Ash wird ausschlie\u00dflich in Innenhaltung vermittelt. Interessenten k\u00f6nnen sich an das Tierheim N\u00fcrnberg wenden.<\/p>\n<p class=\"text-18 leading-17\">Als Fundhund landete der junge Scotti im N\u00fcrnberger Tierheim \u2013 vermisst hat ihn seither niemand. Nun sucht die Auffangstelle einen neuen Besitzer f\u00fcr den aufgedrehten, aufgeweckten und lieben Hund. Beschrieben wird er als &#8222;echter Kindskopf&#8220; \u2013 das Tierheim schreibt in einem Posting auf Facebook, dass der Hund noch Erziehung mit klaren Regeln und Grenzen brauche. Alleine k\u00f6nne er noch nicht bleiben, im Tierheim schreie er sehr laut. Mit anderen Hunden sei er vertr\u00e4glich, die Kinder im neuen Zuhause sollten etwa sechs Jahre alt oder \u00e4lter sein. Interessenten sollen sich entweder \u00fcber den Interessentenbogen auf der Website des Tierheims oder telefonisch melden.<\/p>\n<p class=\"text-18 leading-17\">Nylon, Fabia und Enya leben derzeit im Tierheim N\u00fcrnberg und hoffen auf eine gemeinsame Zukunft. Die f\u00fcnf Monate alten Katzen kamen aus schlechter Haltung gemeinsam in das Tierheim.<\/p>\n<p class=\"text-18 leading-17\">Die drei jungen Katzen gelten als &#8222;unkompliziert, lieb und verspielt&#8220;. Das Tierheim vermittelt sie ausschlie\u00dflich gemeinsam und schreibt: &#8222;Sie sind gemeinsam aus schlechter Haltung gekommen und h\u00e4ngen wahnsinnig aneinander.&#8220; Ein Zuhause in Wohnungshaltung mit gesichertem Balkon w\u00e4re perfekt f\u00fcr sie. Sie kommen auch mit Kindern klar, schreibt die Einrichtung.<\/p>\n<p class=\"text-18 leading-17\">Donnerstag, 24. April 2025<\/p>\n<p class=\"text-18 leading-17\">Bereits zum zweiten Mal lebt die Malinois-H\u00fcndin Angel im Tierheim N\u00fcrnberg \u2013 beide Male unverschuldet. Zun\u00e4chst wurde sie angeblich als Fundhund abgegeben, sp\u00e4ter aus \u00dcberforderung und Zeitmangel zur\u00fcckgebracht. Nun sucht sie ein neues Zuhause bei erfahrenen Hundehaltern, wie die Einrichtung auf Instagram schreibt.<\/p>\n<p class=\"text-18 leading-17\">Angel zeigt sich anh\u00e4nglich gegen\u00fcber vertrauten Personen, braucht bei fremden M\u00e4nnern jedoch Zeit zum Auftauen. Sie h\u00e4lt sich gern im Freien auf, liebt Wasser und freut sich \u00fcber jede Aufgabe. Grundkommandos sind ihr bekannt, ein gewisses Ma\u00df an weiterer Erziehung ist aber notwendig. Im Umgang mit Artgenossen ist sie w\u00e4hlerisch \u2013 mit H\u00fcndinnen unvertr\u00e4glich, bei R\u00fcden entscheidet die Sympathie.<\/p>\n","protected":false},"excerpt":{"rendered":"Newsblog zum Tierheim N\u00fcrnberg Gefunden, aber nie abgeholt: Wer hilft dem kleinen Ash? Aktualisiert am 05.05.2025 &#8211; 20:19&hellip;\n","protected":false},"author":2,"featured_media":87091,"comment_status":"","ping_status":"","sticky":false,"template":"","format":"standard","meta":{"footnotes":""},"categories":[1837],"tags":[772,3364,29,28263,5350,291,30,604,152,2485,3129,3783,2486,6729],"class_list":{"0":"post-87090","1":"post","2":"type-post","3":"status-publish","4":"format-standard","5":"has-post-thumbnail","7":"category-nuernberg","8":"tag-bayern","9":"tag-de","10":"tag-deutschland","11":"tag-enya","12":"tag-erziehung","13":"tag-facebook","14":"tag-germany","15":"tag-hund","16":"tag-instagram","17":"tag-katze","18":"tag-newsblog","19":"tag-nuernberg","20":"tag-tierheim","21":"tag-tiervermittlung"},"share_on_mastodon":{"url":"https:\/\/pubeurope.com\/@de\/114456873189831933","error":""},"_links":{"self":[{"href":"https:\/\/www.europesays.com\/de\/wp-json\/wp\/v2\/posts\/87090","targetHints":{"allow":["GET"]}}],"collection":[{"href":"https:\/\/www.europesays.com\/de\/wp-json\/wp\/v2\/posts"}],"about":[{"href":"https:\/\/www.europesays.com\/de\/wp-json\/wp\/v2\/types\/post"}],"author":[{"embeddable":true,"href":"https:\/\/www.europesays.com\/de\/wp-json\/wp\/v2\/users\/2"}],"replies":[{"embeddable":true,"href":"https:\/\/www.europesays.com\/de\/wp-json\/wp\/v2\/comments?post=87090"}],"version-history":[{"count":0,"href":"https:\/\/www.europesays.com\/de\/wp-json\/wp\/v2\/posts\/87090\/revisions"}],"wp:featuredmedia":[{"embeddable":true,"href":"https:\/\/www.europesays.com\/de\/wp-json\/wp\/v2\/media\/87091"}],"wp:attachment":[{"href":"https:\/\/www.europesays.com\/de\/wp-json\/wp\/v2\/media?parent=87090"}],"wp:term":[{"taxonomy":"category","embeddable":true,"href":"https:\/\/www.europesays.com\/de\/wp-json\/wp\/v2\/categories?post=87090"},{"taxonomy":"post_tag","embeddable":true,"href":"https:\/\/www.europesays.com\/de\/wp-json\/wp\/v2\/tags?post=87090"}],"curies":[{"name":"wp","href":"https:\/\/api.w.org\/{rel}","templated":true}]}}