{"id":870906,"date":"2026-03-15T16:45:13","date_gmt":"2026-03-15T16:45:13","guid":{"rendered":"https:\/\/www.europesays.com\/de\/870906\/"},"modified":"2026-03-15T16:45:13","modified_gmt":"2026-03-15T16:45:13","slug":"voellig-losgeloest-bringt-alte-bekannte-auf-das-theaterschiff-bremen","status":"publish","type":"post","link":"https:\/\/www.europesays.com\/de\/870906\/","title":{"rendered":"\u201eV\u00f6llig losgel\u00f6st&#8220; bringt alte Bekannte auf das Theaterschiff Bremen"},"content":{"rendered":"<ol class=\"id-DonaldBreadcrumb lp_west_breadcrumb id-DonaldBreadcrumb--default\" data-k5a-pos=\"west_breadcrumb\">\n<li class=\"id-Breadcrumb-item\"><a href=\"https:\/\/www.kreiszeitung.de\/\" class=\"id-Breadcrumb-link\" data-id-ec=\"{\" shn=\"\" textlink=\"\" data-k5a-pos=\"1_startseite\" rel=\"nofollow noopener\" target=\"_blank\">Startseite<\/a><\/li>\n<li class=\"id-Breadcrumb-item\"><a href=\"https:\/\/www.kreiszeitung.de\/lokales\/\" class=\"id-Breadcrumb-link\" data-id-ec=\"{\" shn=\"\" textlink=\"\" data-k5a-pos=\"2_lokales\" rel=\"nofollow noopener\" target=\"_blank\">Lokales<\/a><\/li>\n<li class=\"id-Breadcrumb-item\"><a href=\"https:\/\/www.kreiszeitung.de\/lokales\/bremen\/\" class=\"id-Breadcrumb-link\" data-id-ec=\"{\" shn=\"\" textlink=\"\" data-k5a-pos=\"3_bremen\" rel=\"nofollow noopener\" target=\"_blank\">Bremen<\/a><\/li>\n<\/ol>\n<p class=\"id-Story-timestamp id-Story-timestamp--default\">Stand: 15.03.2026, 17:32 Uhr<\/p>\n<p class=\"id-Story-authors id-Story-authors--default\">Von: <a class=\"id-Story-authors-link lp_west_author\" href=\"https:\/\/www.kreiszeitung.de\/autor\/martin-kowalewski-k7hov9qo4.html\" title=\"Zur Autorenseite von Martin Kowalewski\" data-id-ec=\"{\" shn=\"\" author-link=\"\" kowalewski=\"\" data-k5a-pos=\"west_author\" rel=\"nofollow noopener\" target=\"_blank\">Martin Kowalewski<\/a><\/p>\n<p class=\"id-Story-interactionBar id-Story-interactionBar--default\">DruckenTeilen<\/p>\n<p><img decoding=\"async\" class=\"id-RatioPlaceholder-element wv_story_el_image\" src=\"https:\/\/www.europesays.com\/de\/wp-content\/uploads\/2026\/03\/41871699-theatershciff-voellig-ausgelooest-foto-vd-X7a.jpg\" loading=\"eager\" fetchpriority=\"high\"   height=\"792\" width=\"1408\" alt=\"theatershciff v&#xF6;llig ausgelo&#xF6;st foto vd\"\/>\u201eV\u00f6llig losgel\u00f6st\u201c: Coco (Sabine B\u00f6necker, v.l.), Moni (Arlette Stanschus), Tanja (Anne-Kathrin Fremy) und Rosi (Suzanne Andres). \u00a9\u00a0privat<\/p>\n<p class=\"id-StoryElement-leadText\">Das neue St\u00fcck \u201eV\u00f6llig losgel\u00f6st\u201c feiert Premiere mit vertrauten Gesichtern. Die Kom\u00f6die \u00fcber Wellness-Coaching und so weiter sorgt f\u00fcr Begeisterung beim Publikum.<\/p>\n<p class=\"id-StoryElement-paragraph\">Bremen \u2013 Das neue St\u00fcck \u201eV\u00f6llig losgel\u00f6st \u2013 Auszeit f\u00fcr Anf\u00e4ngerinnen\u201c holt altbekannte Gesichter auf das Theaterschiff <a href=\"https:\/\/www.kreiszeitung.de\/lokales\/bremen\/\" class=\"id-import-Link\" title=\"Bremen\" data-id-ec=\"{&quot;sht&quot;:&quot;Container&quot;,&quot;shn&quot;:&quot;Story&quot;,&quot;p&quot;:{&quot;containerType&quot;:&quot;Paragraph&quot;,&quot;displayType&quot;:&quot;Paragraph InlineLink&quot;,&quot;type&quot;:&quot;INLINE_LINK&quot;,&quot;value&quot;:&quot;Bremen&quot;,&quot;variant&quot;:&quot;standardLink&quot;,&quot;sponsored&quot;:false,&quot;linkHref&quot;:&quot;https:\/\/www.kreiszeitung.de\/lokales\/bremen\/&quot;,&quot;storyElementPosition&quot;:8,&quot;storyElementCount&quot;:20}}\" rel=\"nofollow noopener\" target=\"_blank\">Bremen<\/a>. Vor der Premiere am Freitagabend, der zehnten unter \u201eKapit\u00e4n\u201c Paulo Bezerra, sagt dieser au\u00dferdem klar: \u201eWir bleiben hier.\u201c Das gibt Applaus. Nach der Auff\u00fchrung pr\u00e4sentiert er stolz das neue Logo der schwimmenden Spielst\u00e4tte. Entworfen hat es Kira Weigelt aus der Marketingabteilung.<\/p>\n<p class=\"id-StoryElement-paragraph\">Hinein ins St\u00fcck: Wellness, ein Entkommen aus dem Alltag, Gl\u00fcck \u2013 all das soll Moni liefern. SIe wird gespielt von Arlette Stanschus, die 2019 mit dem Ein-Personen-St\u00fcck \u201eVerliebt, verlobt, verschwunden\u201c begeisterte. Aber: Kaum auf der B\u00fchne, bricht Moni in Tr\u00e4nen aus. Singen hilft \u2013 erst mal. Doch bald kommen die Tr\u00e4nen zur\u00fcck. Es kommen drei G\u00e4ste und wollen ihr Gl\u00fcckscoaching.<\/p>\n<p class=\"id-StoryElement-paragraph\">Moni setzt zur Begr\u00fc\u00dfung auf die Kraft der Umarmung. \u201eDer Mensch braucht mindestens vier Umarmungen am Tag, um gesund zu bleiben\u201c, sagt sie. Tanja (Anne-Kathrin Fremy) hat allerdings eine ganz andere Einstellung und verf\u00fcgt \u00fcber einen kommunikationsstarken Gesichtsausdruck, zumindest bei negativen Affekten. Keine Umarmungen, nicht mal eine!<\/p>\n<p>Kommunikationsstarker Gesichtsausdruck<\/p>\n<p class=\"id-StoryElement-paragraph\">Fremy hat das St\u00fcck zusammen mit Florian Miro geschrieben. Es entstand f\u00fcr die Erstbesetzung, in die allerdings statt Stanschus die Schauspielerin Tabea Scholz geh\u00f6rt, die bald in die Rolle der Mona schl\u00fcpfen wird. Das gut harmonierende Team soll auch bei der Entstehung des St\u00fcckes eingewirkt haben. Fremy wollte zudem auch einmal die toughe Gesch\u00e4ftsfrau spielen. Dem Theaterschiff ist sie als burschikose \u201eMama Anke\u201c in der \u201eWeiber\u201c-Trilogie bekannt. Die extrem leicht reizbare und kaum entspannungsf\u00e4hige Gesch\u00e4ftsfrau, gepr\u00e4gt vom harten Kampf darum, als Frau in der F\u00fchrungsrolle anerkannt zu werden, liegt ihr genauso. Ihre zynischen Kommentare sind immer wieder absolut treffsicher.<\/p>\n<p class=\"id-StoryElement-paragraph\">Rosi, gespielt von Suzanne Andres, die auch Regie f\u00fchrte, ist frisch in Rente nach der Arbeit im Kirchenb\u00fcro und nun, wo ihre Kinder gro\u00df sind, mit der neuen Freiheit \u00fcberfordert. Zudem hat sie Schwierigkeiten, ihren eigenen Wortschwall zu b\u00e4ndigen. Andres war bei \u201eWeiber\u201c Claudia, eher tough und sich selbst als Diva des Schauspiels sehend. Als Rentnerin wirkt sie etwas durcheinander \u2013 sie verdreht laufend Sprichw\u00f6rter und Sprachbilder. Auch das passt. Rosi erlebt eine immense Pers\u00f6nlichkeitsentwicklung.<\/p>\n<p>Rosi verdreht Sprichw\u00f6rter und Sprachbilder<\/p>\n<p class=\"id-StoryElement-paragraph\">Diese wird angesto\u00dfen von Influencerin und Beauty-Coachin Coco, herrlich nerdig gespielt von Sabine B\u00f6necker, die etwa als Sandra in \u201eCaf\u00e9 Harmonie\u201c in der Kom\u00f6die Bremen im Packhaus-Theater zu sehen war. Coco filmt heimlich f\u00fcr ihre Follower, als sie Rosi hilft, ihre \u201eInner-Sexiness\u201c zu finden. Moni stellt klar, Rosi muss in den \u201eFull Transformation Mode\u201c (Erneuerungsprozess). \u201eWas ist Dein Purpose? Was ist Deine Passion? Wof\u00fcr brennst Du?\u201c Leider versteht Rosi sie nicht. Doch neue Kleider und auch der Song \u201ePink\u201c aus \u201eBarbie\u201c helfen. Rosi tritt danach selbstbewusst auf. Moni nutzt Musik auch, um die G\u00e4ste voranzubringen, etwa wenn gemeinsam gesungen wird: \u201eJede Zelle meines K\u00f6rpers ist gl\u00fccklich.\u201c Auch singen die Damen in Meditationspose \u201eV\u00f6llig losgel\u00f6st von der Erde, schwebt die Seele v\u00f6llig schwerelos\u201c.<\/p>\n<p class=\"id-StoryElement-paragraph\">Vieles kommt zum Vorschein: Moni ist keine Coachin, sondern Besitzerin des Hauses, die von der engagierten Coachin im Stich gelassen wurde. Doch ihre Praktiken bringen die Handlung voran, auch wenn die Situation au\u00dfer Kontrolle ger\u00e4t. Gruppendynamik, Trinkspiele, eine Pilzvergiftung mit Folgen \u2013 die Damen machen einiges durch.<\/p>\n<p class=\"id-StoryElement-paragraph\">Und das Publikum im vollen Saal ist begeistert \u2013 das Wiedersehen mit den Schauspielerinnen entwickelt sich zu einem gelungenen Vergn\u00fcgen. \u201eV\u00f6llig losgel\u00f6st\u201c steht zun\u00e4chst bis Ende Juni auf dem Spielplan des Theaterschiffs an der Tiefer.<\/p>\n","protected":false},"excerpt":{"rendered":"Startseite Lokales Bremen Stand: 15.03.2026, 17:32 Uhr Von: Martin Kowalewski DruckenTeilen \u201eV\u00f6llig losgel\u00f6st\u201c: Coco (Sabine B\u00f6necker, v.l.), Moni&hellip;\n","protected":false},"author":2,"featured_media":870907,"comment_status":"","ping_status":"","sticky":false,"template":"","format":"standard","meta":{"footnotes":"","_share_on_mastodon":"0"},"categories":[1824],"tags":[2420,3364,29,30],"class_list":["post-870906","post","type-post","status-publish","format-standard","has-post-thumbnail","category-bremen","tag-bremen","tag-de","tag-deutschland","tag-germany"],"share_on_mastodon":{"url":"https:\/\/pubeurope.com\/@de\/116234205738620630","error":""},"_links":{"self":[{"href":"https:\/\/www.europesays.com\/de\/wp-json\/wp\/v2\/posts\/870906","targetHints":{"allow":["GET"]}}],"collection":[{"href":"https:\/\/www.europesays.com\/de\/wp-json\/wp\/v2\/posts"}],"about":[{"href":"https:\/\/www.europesays.com\/de\/wp-json\/wp\/v2\/types\/post"}],"author":[{"embeddable":true,"href":"https:\/\/www.europesays.com\/de\/wp-json\/wp\/v2\/users\/2"}],"replies":[{"embeddable":true,"href":"https:\/\/www.europesays.com\/de\/wp-json\/wp\/v2\/comments?post=870906"}],"version-history":[{"count":0,"href":"https:\/\/www.europesays.com\/de\/wp-json\/wp\/v2\/posts\/870906\/revisions"}],"wp:featuredmedia":[{"embeddable":true,"href":"https:\/\/www.europesays.com\/de\/wp-json\/wp\/v2\/media\/870907"}],"wp:attachment":[{"href":"https:\/\/www.europesays.com\/de\/wp-json\/wp\/v2\/media?parent=870906"}],"wp:term":[{"taxonomy":"category","embeddable":true,"href":"https:\/\/www.europesays.com\/de\/wp-json\/wp\/v2\/categories?post=870906"},{"taxonomy":"post_tag","embeddable":true,"href":"https:\/\/www.europesays.com\/de\/wp-json\/wp\/v2\/tags?post=870906"}],"curies":[{"name":"wp","href":"https:\/\/api.w.org\/{rel}","templated":true}]}}