{"id":870908,"date":"2026-03-15T16:46:13","date_gmt":"2026-03-15T16:46:13","guid":{"rendered":"https:\/\/www.europesays.com\/de\/870908\/"},"modified":"2026-03-15T16:46:13","modified_gmt":"2026-03-15T16:46:13","slug":"mainzer-befreiungsschlag-in-bremen-faz","status":"publish","type":"post","link":"https:\/\/www.europesays.com\/de\/870908\/","title":{"rendered":"Mainzer Befreiungsschlag in Bremen | FAZ"},"content":{"rendered":"<p class=\"p1 sm:p1-medium items-start pb-[20px]\" data-selector=\"body-paragraph\" data-external-selector=\"body-elements-paragraph\" data-v-f16c667d=\"\" data-v-439309db=\"\">Dem FSV Mainz 05 ist vier Tage vor seiner historischen Chance in der Conference League ein wichtiger Sieg im Abstiegskampf der Fu\u00dfball-Bundesliga gelungen. Gegen den direkten Konkurrenten Werder Bremen erk\u00e4mpften sich die effizienten Mainzer im Weserstadion ein 2:0 (1:0) und verschafften sich Luft im Tabellenkeller.<\/p>\n<p class=\"p1 sm:p1-medium items-start pb-[20px]\" data-selector=\"body-paragraph\" data-external-selector=\"body-elements-paragraph\" data-v-f16c667d=\"\" data-v-439309db=\"\">Paul Nebel (6.) mit einem seltenen Kopfballtor und Jae Sung Lee (52.) trafen f\u00fcr den FSV, der sich f\u00fcr sein zweites noch verbliebenes Saisonziel ordentlich Selbstvertrauen holte: Am Donnerstag (18.45 Uhr im <a href=\"https:\/\/www.faz.net\/aktuell\/sport\/fussball\/fussball-europa-conference-league-heute-liveticker-mit-spielplan-und-tabellen-18727918.html\" rel=\"nofollow noopener\" target=\"_blank\">F.A.Z.-Liveticker zur Conference League<\/a> und bei RTL+) k\u00f6nnen die Mainzer im Heimspiel gegen Sigma Olm\u00fctz aus Tschechien erstmals ins Viertelfinale eines europ\u00e4ischen Wettbewerbs einziehen.<\/p>\n<p class=\"p1 sm:p1-medium items-start pb-[20px]\" data-selector=\"body-paragraph\" data-external-selector=\"body-elements-paragraph\" data-v-f16c667d=\"\" data-v-439309db=\"\">Werder hingegen muss nach zuletzt zwei Siegen wieder um den Verbleib in der Bundesliga bangen. Durch die Heimpleite rutschten die Gr\u00fcn-Wei\u00dfen auf Tabellenrang 15 ab. Der Vorsprung auf den Relegationsplatz betr\u00e4gt nur einen Z\u00e4hler, Mainz liegt zwei Punkte vor den Bremern. In den kommenden Wochen stehen f\u00fcr Werder weitere direkte Duelle im Abstiegskampf an.<\/p>\n<p class=\"p1 sm:p1-medium items-start pb-[20px]\" data-selector=\"body-paragraph\" data-external-selector=\"body-elements-paragraph\" data-v-f16c667d=\"\" data-v-439309db=\"\">Trotz der j\u00fcngsten Erfolge starteten die Bremer, die kurzfristig auf Niklas Stark und Senne Lynen verzichten mussten, schl\u00e4frig in die Partie \u2013 und wurden sofort bestraft. Der 1,69 Meter gro\u00dfe Nebel durfte seinen Flugkopfball aus sechs Metern v\u00f6llig unbedr\u00e4ngt im Tor versenken.<\/p>\n<p class=\"p1 sm:p1-medium items-start pb-[20px]\" data-selector=\"body-paragraph\" data-external-selector=\"body-elements-paragraph\" data-v-f16c667d=\"\" data-v-439309db=\"\">Im Spagat zwischen der historischen Chance in Europa und dem Liga-Abstiegskampf tat die fr\u00fche F\u00fchrung den Mainzern gut. Doch Werder hielt das Spiel offen. Leonardo Bittencourt antwortete beinahe umgehend, traf per Kopf aber nur die Querlatte (8.). Das Team von Daniel Thioune blieb bem\u00fcht \u2013 doch von Torgefahr war im k\u00fchlen Weserstadion nun nichts mehr zu sp\u00fcren. Bis zur Pause verteidigte Mainz die knappe F\u00fchrung recht souver\u00e4n.<\/p>\n<p class=\"p1 sm:p1-medium items-start pb-[20px]\" data-selector=\"body-paragraph\" data-external-selector=\"body-elements-paragraph\" data-v-f16c667d=\"\" data-v-439309db=\"\">In der zweiten H\u00e4lfte wollten die G\u00e4ste das f\u00fcnfte Pflichtspiel-Remis in Folge unbedingt verhindern \u2013 und konterten geschickt. Nach einer tollen Hereingabe von Sheraldo Becker stolperte Lee den Ball unorthodox ins Tor.<\/p>\n<p class=\"p1 sm:p1-medium items-start pb-[20px]\" data-selector=\"body-paragraph\" data-external-selector=\"body-elements-paragraph\" data-v-f16c667d=\"\" data-v-439309db=\"\">Werder wirkte nun doch geschockt, auch wenn Justin Njinmah bei seinem Schuss nur Zentimeter fehlten (64.). In der Schlussphase verteidigte Mainz leidenschaftlich, Salim Musah sorgte bei seinem Bundesliga-Deb\u00fct f\u00fcr Werder noch einmal f\u00fcr Gefahr (86.).<\/p>\n","protected":false},"excerpt":{"rendered":"Dem FSV Mainz 05 ist vier Tage vor seiner historischen Chance in der Conference League ein wichtiger Sieg&hellip;\n","protected":false},"author":2,"featured_media":870909,"comment_status":"","ping_status":"","sticky":false,"template":"","format":"standard","meta":{"footnotes":"","_share_on_mastodon":"0"},"categories":[1824],"tags":[2420,3364,29,30],"class_list":["post-870908","post","type-post","status-publish","format-standard","has-post-thumbnail","category-bremen","tag-bremen","tag-de","tag-deutschland","tag-germany"],"share_on_mastodon":{"url":"https:\/\/pubeurope.com\/@de\/116234209646565458","error":""},"_links":{"self":[{"href":"https:\/\/www.europesays.com\/de\/wp-json\/wp\/v2\/posts\/870908","targetHints":{"allow":["GET"]}}],"collection":[{"href":"https:\/\/www.europesays.com\/de\/wp-json\/wp\/v2\/posts"}],"about":[{"href":"https:\/\/www.europesays.com\/de\/wp-json\/wp\/v2\/types\/post"}],"author":[{"embeddable":true,"href":"https:\/\/www.europesays.com\/de\/wp-json\/wp\/v2\/users\/2"}],"replies":[{"embeddable":true,"href":"https:\/\/www.europesays.com\/de\/wp-json\/wp\/v2\/comments?post=870908"}],"version-history":[{"count":0,"href":"https:\/\/www.europesays.com\/de\/wp-json\/wp\/v2\/posts\/870908\/revisions"}],"wp:featuredmedia":[{"embeddable":true,"href":"https:\/\/www.europesays.com\/de\/wp-json\/wp\/v2\/media\/870909"}],"wp:attachment":[{"href":"https:\/\/www.europesays.com\/de\/wp-json\/wp\/v2\/media?parent=870908"}],"wp:term":[{"taxonomy":"category","embeddable":true,"href":"https:\/\/www.europesays.com\/de\/wp-json\/wp\/v2\/categories?post=870908"},{"taxonomy":"post_tag","embeddable":true,"href":"https:\/\/www.europesays.com\/de\/wp-json\/wp\/v2\/tags?post=870908"}],"curies":[{"name":"wp","href":"https:\/\/api.w.org\/{rel}","templated":true}]}}