{"id":87096,"date":"2025-05-05T19:29:12","date_gmt":"2025-05-05T19:29:12","guid":{"rendered":"https:\/\/www.europesays.com\/de\/87096\/"},"modified":"2025-05-05T19:29:12","modified_gmt":"2025-05-05T19:29:12","slug":"pol-ak-ni-hannover-05-05-2025-jugendgewalt-ein-thema-das-aengste-schuert","status":"publish","type":"post","link":"https:\/\/www.europesays.com\/de\/87096\/","title":{"rendered":"POL-AK NI: Hannover, 05.05.2025 &#8211; Jugendgewalt: ein Thema, das \u00c4ngste sch\u00fcrt, &#8230;"},"content":{"rendered":"<p class=\"date\">05.05.2025 \u2013 19:58<\/p>\n<p class=\"customer\">\n                        <a class=\"story-customer\" title=\"weiter zum newsroom von Polizeiakademie Niedersachsen\" href=\"https:\/\/www.presseportal.de\/blaulicht\/nr\/104523\" target=\"_blank\" rel=\"noopener\">Polizeiakademie Niedersachsen<\/a>\n                    <\/p>\n<p><a class=\"glightbox-pseudo event-trigger\" href=\"https:\/\/cache.pressmailing.net\/thumbnail\/story_hires\/24eb5651-0485-4979-bb49-76100d2d2343\/4.jpeg.jpg\" data-description=\"Praxiserfahrungen in der Podiumsdiskussion: Dr. Susann Pr\u00e4tor (Moderation), Mehdi Askari, Prof. Dr. Thomas Hestermann, Jutta Glahn, Jana B\u00fcttner,  Stefan Hoge (v. l. n. r.)\" data-category=\"medialightbox\" data-action=\"click\" data-label=\"single\" data-value=\"6818fc4a270000fd2c57c439\" target=\"_blank\" rel=\"noopener\"><img decoding=\"async\" height=\"540\" with=\"720\" src=\"https:\/\/www.europesays.com\/de\/wp-content\/uploads\/2025\/05\/pol-ak-ni-hannover-05-05-2025-jugendgewalt-ein-thema-das-ngste-sch-rt-debatten-entfacht-wobei-die-gr.jpeg\"   alt=\"POL-AK NI: Hannover, 05.05.2025 - Jugendgewalt: ein Thema, das \u00c4ngste sch\u00fcrt, Debatten entfacht, wobei die Grenzen zwischen subjektivem Empfinden und wissenschaftlicher Realit\u00e4t h\u00e4ufig verschwimmen.\" class=\"single\"\/><\/a><\/p>\n<p><a data-category=\"citylink-story-view\" data-action=\"click\" data-label=\"Citylink in Meldungsansicht\" class=\"story-city event-trigger\" href=\"https:\/\/www.presseportal.de\/regional\/Hannover\" title=\"News aus Hannover \" target=\"_blank\" rel=\"noopener\">Hannover<\/a> (ots)<\/p>\n<p>Bei der 10. Polizeiwissenschaftlichen Tagung der Polizeiakademie Niedersachsen kamen Fachleute aus Polizei, Justiz, Sozialarbeit und Wissenschaft zusammen, um genau diese Unterschiede kritisch zu beleuchten.<\/p>\n<p>Unter dem Titel &#8222;Zwischen Bauchgef\u00fchl und Realit\u00e4t&#8220; hinterfragten Expertinnen und Experten g\u00e4ngige Thesen und Klischees rund um Jugendgewalt und setzten sie in den Kontext aktueller wissenschaftlicher Befunde.<\/p>\n<p>In ihrer Er\u00f6ffnungsrede betonte die Vertreterin des Direktors der Polizeiakademie Niedersachsen Frau Abteilungsdirektorin Andrea Marquardt, wie essenziell eine faktenbasierte Auseinandersetzung mit dem Thema ist: Nur so k\u00f6nne populistischen und abwertenden Haltungen gegen\u00fcber Jugendlichen wirksam entgegengetreten werden.<\/p>\n<p>Die Tagung bot ein abwechslungsreiches Programm mit spannenden Fachvortr\u00e4gen, darunter der Vortrag von Prof. Dr. Hestermann von der Hochschule Macromedia Hamburg. Er stellte eindrucksvoll dar, wie Medien in Bezug auf Jugendgewalt, insbesondere im Hinblick auf nichtdeutsche Personen, eine eigene Wirklichkeit schaffen, die sich grundlegend von den wissenschaftlichen Erkenntnissen unterscheidet. Zudem lieferte Yvonne Krieg, Projektleiterin beim Kriminologischen Forschungsinstitut Niedersachsen, auf Grundlage des Niedersachsensurveys des Instituts spannende Erkenntnisse zur Entwicklung der Jugendgewalt im Dunkelfeld sowie deren Ursachen und der Bedeutung des polizeilichen Umgangs mit straff\u00e4llig gewordenen Jugendlichen.<\/p>\n<p>Den Abschluss bildete eine lebendige Podiumsdiskussion, bei der Fachleute aus der Praxis ihre Erfahrungen teilten: Wo stimmen Bauchgef\u00fchl und Realit\u00e4t \u00fcberein? Wo klaffen sie auseinander?<\/p>\n<p>Eines wurde deutlich: Das subjektive Sicherheitsgef\u00fchl ist h\u00e4ufig st\u00e4rker von medialen Darstellungen und pers\u00f6nlichen Erfahrungen beeinflusst als von der tats\u00e4chlichen Kriminalit\u00e4tslage.<\/p>\n<p class=\"contact-headline\">R\u00fcckfragen bitte an:<\/p>\n<p class=\"contact-text\">Polizeiakademie Niedersachsen<br \/>Dez. 01 &#8211; Pressestelle<br \/>Julia Lange<br \/>Telefon: 05021 844-1004<br \/>E-Mail: <a href=\"https:\/\/www.presseportal.de\/blaulicht\/pm\/104523\/mailto: pressestelle@pa.polizei.niedersachsen.de\" class=\"uri-mailto\" target=\"_blank\" rel=\"noopener\"> pressestelle@pa.polizei.niedersachsen.de<\/a><br \/><a target=\"_blank\" class=\"uri-ext outbound\" rel=\"noopener\" href=\"http:\/\/www.pa.polizei-nds.de\">http:\/\/www.pa.polizei-nds.de<\/a><\/p>\n<p class=\"originator\">Original-Content von: Polizeiakademie Niedersachsen, \u00fcbermittelt durch news aktuell<\/p>\n","protected":false},"excerpt":{"rendered":"05.05.2025 \u2013 19:58 Polizeiakademie Niedersachsen Hannover (ots) Bei der 10. Polizeiwissenschaftlichen Tagung der Polizeiakademie Niedersachsen kamen Fachleute aus&hellip;\n","protected":false},"author":2,"featured_media":87097,"comment_status":"","ping_status":"","sticky":false,"template":"","format":"standard","meta":{"footnotes":""},"categories":[1836],"tags":[752,3364,29,30,46,2766,5404,1411,121,178,180,179,181],"class_list":{"0":"post-87096","1":"post","2":"type-post","3":"status-publish","4":"format-standard","5":"has-post-thumbnail","7":"category-hannover","8":"tag-bildung","9":"tag-de","10":"tag-deutschland","11":"tag-germany","12":"tag-hannover","13":"tag-hochschule","14":"tag-ni","15":"tag-niedersachsen","16":"tag-polizei","17":"tag-presse","18":"tag-pressemeldung","19":"tag-pressemitteilung","20":"tag-pressemitteilungen"},"share_on_mastodon":{"url":"https:\/\/pubeurope.com\/@de\/114456884946283781","error":""},"_links":{"self":[{"href":"https:\/\/www.europesays.com\/de\/wp-json\/wp\/v2\/posts\/87096","targetHints":{"allow":["GET"]}}],"collection":[{"href":"https:\/\/www.europesays.com\/de\/wp-json\/wp\/v2\/posts"}],"about":[{"href":"https:\/\/www.europesays.com\/de\/wp-json\/wp\/v2\/types\/post"}],"author":[{"embeddable":true,"href":"https:\/\/www.europesays.com\/de\/wp-json\/wp\/v2\/users\/2"}],"replies":[{"embeddable":true,"href":"https:\/\/www.europesays.com\/de\/wp-json\/wp\/v2\/comments?post=87096"}],"version-history":[{"count":0,"href":"https:\/\/www.europesays.com\/de\/wp-json\/wp\/v2\/posts\/87096\/revisions"}],"wp:featuredmedia":[{"embeddable":true,"href":"https:\/\/www.europesays.com\/de\/wp-json\/wp\/v2\/media\/87097"}],"wp:attachment":[{"href":"https:\/\/www.europesays.com\/de\/wp-json\/wp\/v2\/media?parent=87096"}],"wp:term":[{"taxonomy":"category","embeddable":true,"href":"https:\/\/www.europesays.com\/de\/wp-json\/wp\/v2\/categories?post=87096"},{"taxonomy":"post_tag","embeddable":true,"href":"https:\/\/www.europesays.com\/de\/wp-json\/wp\/v2\/tags?post=87096"}],"curies":[{"name":"wp","href":"https:\/\/api.w.org\/{rel}","templated":true}]}}