{"id":870986,"date":"2026-03-15T17:33:23","date_gmt":"2026-03-15T17:33:23","guid":{"rendered":"https:\/\/www.europesays.com\/de\/870986\/"},"modified":"2026-03-15T17:33:23","modified_gmt":"2026-03-15T17:33:23","slug":"tsv-1860-highlights-gegen-wehen-wiesbaden-sechzigs-umkaempfte-nullnummer-im-video","status":"publish","type":"post","link":"https:\/\/www.europesays.com\/de\/870986\/","title":{"rendered":"TSV-1860-Highlights gegen Wehen Wiesbaden: Sechzigs umk\u00e4mpfte Nullnummer im Video"},"content":{"rendered":"<p>Die Siegesserie des TSV 1860 ist gerissen! Nach f\u00fcnf Erfolgen in Serie kam der TSV 1860 gegen Wehen Wiesbaden nicht \u00fcber ein 1:1 hinaus. In einer umk\u00e4mpften und intensiven Partie im Duell zweier Aufstiegsaspiranten konnte keine Mannschaft den Lucky Punch setzen.<\/p>\n<p>Tim Danhof hatte bei einem Konter im eigenen Stadion das 1:0 auf dem Fu\u00df, zielte freistehend aber knapp daneben (57.). Die G\u00e4ste trafen nach einer Einzelaktion von Tarik G\u00f6z\u00fcsirin zum Gl\u00fcck f\u00fcr die Giesinger nur die Latte (69.).<\/p>\n<p>TSV 1860 gegen Wiesbaden: Highlights im Video<\/p>\n<p>        An dieser Stelle finden Sie einen externen Inhalt (YouTube). Sie k\u00f6nnen sich Inhalte dieses Anbieters mit einem Klick anzeigen lassen und wieder ausblenden.<\/p>\n<p>\n        Anzeigen\n        <\/p>\n<p>\n        Externe Inhalte ausblenden\n        <\/p>\n<p>\n        Anzeige f\u00fcr den Anbieter YouTube \u00fcber den Consent-Anbieter verweigert\n    <\/p>\n","protected":false},"excerpt":{"rendered":"Die Siegesserie des TSV 1860 ist gerissen! Nach f\u00fcnf Erfolgen in Serie kam der TSV 1860 gegen Wehen&hellip;\n","protected":false},"author":2,"featured_media":870987,"comment_status":"","ping_status":"","sticky":false,"template":"","format":"standard","meta":{"footnotes":"","_share_on_mastodon":"0"},"categories":[1847],"tags":[23947,3364,29,548,663,3934,30,13,2052,23948,5639,14,15,12,23946,5329,4544],"class_list":["post-870986","post","type-post","status-publish","format-standard","has-post-thumbnail","category-wiesbaden","tag-abendzeitung","tag-de","tag-deutschland","tag-eu","tag-europa","tag-europe","tag-germany","tag-headlines","tag-hessen","tag-highlights","tag-magenta-sport","tag-nachrichten","tag-news","tag-schlagzeilen","tag-tsv-1860","tag-video","tag-wiesbaden"],"share_on_mastodon":{"url":"https:\/\/pubeurope.com\/@de\/116234394486544216","error":""},"_links":{"self":[{"href":"https:\/\/www.europesays.com\/de\/wp-json\/wp\/v2\/posts\/870986","targetHints":{"allow":["GET"]}}],"collection":[{"href":"https:\/\/www.europesays.com\/de\/wp-json\/wp\/v2\/posts"}],"about":[{"href":"https:\/\/www.europesays.com\/de\/wp-json\/wp\/v2\/types\/post"}],"author":[{"embeddable":true,"href":"https:\/\/www.europesays.com\/de\/wp-json\/wp\/v2\/users\/2"}],"replies":[{"embeddable":true,"href":"https:\/\/www.europesays.com\/de\/wp-json\/wp\/v2\/comments?post=870986"}],"version-history":[{"count":0,"href":"https:\/\/www.europesays.com\/de\/wp-json\/wp\/v2\/posts\/870986\/revisions"}],"wp:featuredmedia":[{"embeddable":true,"href":"https:\/\/www.europesays.com\/de\/wp-json\/wp\/v2\/media\/870987"}],"wp:attachment":[{"href":"https:\/\/www.europesays.com\/de\/wp-json\/wp\/v2\/media?parent=870986"}],"wp:term":[{"taxonomy":"category","embeddable":true,"href":"https:\/\/www.europesays.com\/de\/wp-json\/wp\/v2\/categories?post=870986"},{"taxonomy":"post_tag","embeddable":true,"href":"https:\/\/www.europesays.com\/de\/wp-json\/wp\/v2\/tags?post=870986"}],"curies":[{"name":"wp","href":"https:\/\/api.w.org\/{rel}","templated":true}]}}