{"id":871039,"date":"2026-03-15T18:05:33","date_gmt":"2026-03-15T18:05:33","guid":{"rendered":"https:\/\/www.europesays.com\/de\/871039\/"},"modified":"2026-03-15T18:05:33","modified_gmt":"2026-03-15T18:05:33","slug":"mann-verursacht-unfallserie-bei-naechtlicher-alkoholfahrt","status":"publish","type":"post","link":"https:\/\/www.europesays.com\/de\/871039\/","title":{"rendered":"Mann verursacht Unfallserie bei n\u00e4chtlicher Alkoholfahrt"},"content":{"rendered":"<p>Mehrere Autos gerammt <\/p>\n<p>Mann verursacht Unfallserie bei n\u00e4chtlicher Alkoholfahrt<\/p>\n<p>Aktualisiert am 15.03.2026 &#8211; 18:11 UhrLesedauer: 1 Min.<\/p>\n<p><a href=\"#focus-0\" class=\"transition-colors duration-200 block text-current relative\" data-sctrack=\"FocusGalleryImage.Reference\"><img fetchpriority=\"high\" data-testid=\"Opener.Image\" style=\"--lqipURL:url('https:\/\/images.t-online.de\/2026\/03\/PnNkGjCEVCQy\/0x121:2048x1152\/fit-in\/150x0\/filters:blur(25)\/der-fahrer-hinterlaesst-eine-spur-zerstoerter-autos-symbolbild.jpg')\"   loading=\"eager\" src=\"https:\/\/www.europesays.com\/de\/wp-content\/uploads\/2026\/03\/der-fahrer-hinterlaesst-eine-spur-zerstoerter-autos-symbolbild.jpg\" alt=\"Polizei\" title=\"Polizei\" width=\"2048\" height=\"1152\" class=\"bg-[url:var(--lqipURL)] bg-cover bg-center flex h-full w-full max-w-full\" decoding=\"async\"\/><img style=\"--width:32;--height:32\" loading=\"lazy\" src=\"https:\/\/nuernberg.t-online.de\/s\/paper\/_next\/static\/media\/zoom-in.f7dae02f.svg\" alt=\"Vergr\u00f6\u00dfern des Bildes\" title=\"Vergr\u00f6\u00dfern des Bildes\" class=\"block h-[calc(var(--height)_\/_16_*_1rem)] w-[calc(var(--width)_\/_16_*_1rem)] max-w-none absolute bottom-8 right-8 rounded-4 bg-snow p-8\" decoding=\"async\"\/><\/a><\/p>\n<p>Der Fahrer hinterl\u00e4sst eine Spur zerst\u00f6rter Autos. (Symbolbild) (Quelle: Marijan Murat\/dpa\/dpa-bilder)<\/p>\n<p class=\"font-bold text-18 leading-17 user-text-lg:text-22 user-text-xl:text-24\">Betrunken und au\u00dfer Kontrolle: Ein Autofahrer hinterl\u00e4sst in N\u00fcrnberg eine Spur der Verw\u00fcstung. Bei einer n\u00e4chtlichen Alkoholfahrt f\u00e4hrt er gegen mehrere Autos.<\/p>\n<p class=\"text-18 leading-17 user-text-lg:text-22 user-text-xl:text-24\">Ein betrunkener Autofahrer hat in N\u00fcrnberg eine Reihe von Unf\u00e4llen verursacht und einen Schaden von mehr als 60.000 Euro angerichtet. Seine Fahrt endete in der Nacht auf Sonntag an einer Kreuzung, wo der 46-J\u00e4hrige mit einem vorfahrtsberechtigten Auto zusammenstie\u00df. Bei der Unfallaufnahme stellten die Beamten die Alkoholisierung des Mannes fest, wie die Polizei mitteilte.<\/p>\n<p class=\"text-18 leading-17 user-text-lg:text-22 user-text-xl:text-24\">Zudem fanden sie heraus, dass der Betrunkene mit seinem Wagen in der Umgebung bereits f\u00fcr Sch\u00e4den gesorgt hatte: Er rammte drei geparkte Autos und stie\u00df gegen ein weiteres Fahrzeug, das auf einen abgestellten Anh\u00e4nger geschoben wurde.<\/p>\n<p class=\"text-18 leading-17 user-text-lg:text-22 user-text-xl:text-24\">Ein Atemalkoholtest ergab fast zwei Promille. Die Polizei ordnete eine Blutentnahme an und ermittelt unter anderem wegen Gef\u00e4hrdung des Stra\u00dfenverkehrs und Unfallflucht. Zudem untersucht die Polizei, ob der Mann weitere Unf\u00e4lle verursacht hat.<\/p>\n","protected":false},"excerpt":{"rendered":"Mehrere Autos gerammt Mann verursacht Unfallserie bei n\u00e4chtlicher Alkoholfahrt Aktualisiert am 15.03.2026 &#8211; 18:11 UhrLesedauer: 1 Min. Der&hellip;\n","protected":false},"author":2,"featured_media":871040,"comment_status":"","ping_status":"","sticky":false,"template":"","format":"standard","meta":{"footnotes":"","_share_on_mastodon":"0"},"categories":[1837],"tags":[18957,513,772,3364,29,30,1584,3783,121,192572],"class_list":["post-871039","post","type-post","status-publish","format-standard","has-post-thumbnail","category-nuernberg","tag-alkoholfahrt","tag-auto","tag-bayern","tag-de","tag-deutschland","tag-germany","tag-kriminalitaet","tag-nuernberg","tag-polizei","tag-unfallserie"],"share_on_mastodon":{"url":"https:\/\/pubeurope.com\/@de\/116234520417318137","error":""},"_links":{"self":[{"href":"https:\/\/www.europesays.com\/de\/wp-json\/wp\/v2\/posts\/871039","targetHints":{"allow":["GET"]}}],"collection":[{"href":"https:\/\/www.europesays.com\/de\/wp-json\/wp\/v2\/posts"}],"about":[{"href":"https:\/\/www.europesays.com\/de\/wp-json\/wp\/v2\/types\/post"}],"author":[{"embeddable":true,"href":"https:\/\/www.europesays.com\/de\/wp-json\/wp\/v2\/users\/2"}],"replies":[{"embeddable":true,"href":"https:\/\/www.europesays.com\/de\/wp-json\/wp\/v2\/comments?post=871039"}],"version-history":[{"count":0,"href":"https:\/\/www.europesays.com\/de\/wp-json\/wp\/v2\/posts\/871039\/revisions"}],"wp:featuredmedia":[{"embeddable":true,"href":"https:\/\/www.europesays.com\/de\/wp-json\/wp\/v2\/media\/871040"}],"wp:attachment":[{"href":"https:\/\/www.europesays.com\/de\/wp-json\/wp\/v2\/media?parent=871039"}],"wp:term":[{"taxonomy":"category","embeddable":true,"href":"https:\/\/www.europesays.com\/de\/wp-json\/wp\/v2\/categories?post=871039"},{"taxonomy":"post_tag","embeddable":true,"href":"https:\/\/www.europesays.com\/de\/wp-json\/wp\/v2\/tags?post=871039"}],"curies":[{"name":"wp","href":"https:\/\/api.w.org\/{rel}","templated":true}]}}