{"id":871066,"date":"2026-03-15T18:19:13","date_gmt":"2026-03-15T18:19:13","guid":{"rendered":"https:\/\/www.europesays.com\/de\/871066\/"},"modified":"2026-03-15T18:19:13","modified_gmt":"2026-03-15T18:19:13","slug":"duesseldorf-fdp-generalsekretaerin-verliert-wette-und-traegt-nun-glatze-2","status":"publish","type":"post","link":"https:\/\/www.europesays.com\/de\/871066\/","title":{"rendered":"D\u00fcsseldorf | FDP-Generalsekret\u00e4rin verliert Wette und tr\u00e4gt nun Glatze"},"content":{"rendered":"<p>D\u00fcsseldorf (dpa) &#8211; FDP-Generalsekret\u00e4rin Nicole B\u00fcttner hat sich nach einer verlorenen Wette zur baden-w\u00fcrttembergischen Landtagswahl eine Glatze rasieren lassen. Die Politikerin pr\u00e4sentierte sich am Sonntag bei Instagram mit ihrem neuen Look. \u00abIch habe diese Wette gemacht, ich habe sie verloren, und deshalb l\u00f6se ich sie ein\u00bb, sagte B\u00fcttner in einem kurzen Video bei Instagram. \u00abF\u00fcr mich ist ganz klar, dass ich zu meinem Wort stehe.\u00bb<\/p>\n<p>Hintergrund des Neustylings ist der Umstand, dass die FDP bei der Landtagswahl in Baden-W\u00fcrttemberg vor einer Woche an der F\u00fcnf-Prozent-H\u00fcrde gescheitert und aus dem Parlament geflogen war. Im Januar hatte B\u00fcttner der \u00abSchw\u00e4bischen Zeitung\u00bb gesagt, sie liebe ihre lockigen Haare, werde sie aber abrasieren, sollte die FDP den Wiedereinzug in den Landtag von Baden-W\u00fcrttemberg nicht schaffen: \u00abAlles weg. Radikal.\u00bb<\/p>\n","protected":false},"excerpt":{"rendered":"D\u00fcsseldorf (dpa) &#8211; FDP-Generalsekret\u00e4rin Nicole B\u00fcttner hat sich nach einer verlorenen Wette zur baden-w\u00fcrttembergischen Landtagswahl eine Glatze rasieren&hellip;\n","protected":false},"author":2,"featured_media":871067,"comment_status":"","ping_status":"","sticky":false,"template":"","format":"standard","meta":{"footnotes":"","_share_on_mastodon":"0"},"categories":[1831],"tags":[171087,1634,3364,29,3405,187,30,2235,1985,2549,1209,2403,2534],"class_list":["post-871066","post","type-post","status-publish","format-standard","has-post-thumbnail","category-duesseldorf","tag-ltwbw26","tag-baden-wuerttemberg","tag-de","tag-deutschland","tag-duesseldorf","tag-fdp","tag-germany","tag-kurioses","tag-landtag","tag-leute","tag-nordrhein-westfalen","tag-partei","tag-wahl"],"share_on_mastodon":{"url":"https:\/\/pubeurope.com\/@de\/116234575314842380","error":""},"_links":{"self":[{"href":"https:\/\/www.europesays.com\/de\/wp-json\/wp\/v2\/posts\/871066","targetHints":{"allow":["GET"]}}],"collection":[{"href":"https:\/\/www.europesays.com\/de\/wp-json\/wp\/v2\/posts"}],"about":[{"href":"https:\/\/www.europesays.com\/de\/wp-json\/wp\/v2\/types\/post"}],"author":[{"embeddable":true,"href":"https:\/\/www.europesays.com\/de\/wp-json\/wp\/v2\/users\/2"}],"replies":[{"embeddable":true,"href":"https:\/\/www.europesays.com\/de\/wp-json\/wp\/v2\/comments?post=871066"}],"version-history":[{"count":0,"href":"https:\/\/www.europesays.com\/de\/wp-json\/wp\/v2\/posts\/871066\/revisions"}],"wp:featuredmedia":[{"embeddable":true,"href":"https:\/\/www.europesays.com\/de\/wp-json\/wp\/v2\/media\/871067"}],"wp:attachment":[{"href":"https:\/\/www.europesays.com\/de\/wp-json\/wp\/v2\/media?parent=871066"}],"wp:term":[{"taxonomy":"category","embeddable":true,"href":"https:\/\/www.europesays.com\/de\/wp-json\/wp\/v2\/categories?post=871066"},{"taxonomy":"post_tag","embeddable":true,"href":"https:\/\/www.europesays.com\/de\/wp-json\/wp\/v2\/tags?post=871066"}],"curies":[{"name":"wp","href":"https:\/\/api.w.org\/{rel}","templated":true}]}}