{"id":871196,"date":"2026-03-15T19:32:16","date_gmt":"2026-03-15T19:32:16","guid":{"rendered":"https:\/\/www.europesays.com\/de\/871196\/"},"modified":"2026-03-15T19:32:16","modified_gmt":"2026-03-15T19:32:16","slug":"mann-schlaegt-sanitaeter-ins-gesicht-patientin-geht-auf-sanitaeter-und-polizei-los-2","status":"publish","type":"post","link":"https:\/\/www.europesays.com\/de\/871196\/","title":{"rendered":"Mann schl\u00e4gt Sanit\u00e4ter ins Gesicht, Patientin geht auf Sanit\u00e4ter und Polizei los"},"content":{"rendered":"<ol class=\"id-DonaldBreadcrumb lp_west_breadcrumb id-DonaldBreadcrumb--default\" data-k5a-pos=\"west_breadcrumb\">\n<li class=\"id-Breadcrumb-item\"><a href=\"https:\/\/www.kreiszeitung.de\/\" class=\"id-Breadcrumb-link\" data-id-ec=\"{\" shn=\"\" textlink=\"\" data-k5a-pos=\"1_startseite\" rel=\"nofollow noopener\" target=\"_blank\">Startseite<\/a><\/li>\n<li class=\"id-Breadcrumb-item\"><a href=\"https:\/\/www.kreiszeitung.de\/lokales\/\" class=\"id-Breadcrumb-link\" data-id-ec=\"{\" shn=\"\" textlink=\"\" data-k5a-pos=\"2_lokales\" rel=\"nofollow noopener\" target=\"_blank\">Lokales<\/a><\/li>\n<li class=\"id-Breadcrumb-item\"><a href=\"https:\/\/www.kreiszeitung.de\/lokales\/niedersachsen\/\" class=\"id-Breadcrumb-link\" data-id-ec=\"{\" shn=\"\" textlink=\"\" data-k5a-pos=\"3_niedersachsen\" rel=\"nofollow noopener\" target=\"_blank\">Niedersachsen<\/a><\/li>\n<\/ol>\n<p class=\"id-Story-timestamp id-Story-timestamp--default\">Stand: 15.03.2026, 14:47 Uhr<\/p>\n<p class=\"id-Story-authors id-Story-authors--default\">Von: <a class=\"id-Story-authors-link lp_west_author\" href=\"https:\/\/www.kreiszeitung.de\/autor\/dierk-rohdenburg-96m1yko5n.html\" title=\"Zur Autorenseite von Dierk Rohdenburg\" data-id-ec=\"{\" shn=\"\" author-link=\"\" rohdenburg=\"\" data-k5a-pos=\"west_author\" rel=\"nofollow noopener\" target=\"_blank\">Dierk Rohdenburg<\/a><\/p>\n<p class=\"id-Story-interactionBar id-Story-interactionBar--default\">DruckenTeilen<\/p>\n<p><img decoding=\"async\" class=\"id-RatioPlaceholder-element wv_story_el_image\" src=\"https:\/\/www.europesays.com\/de\/wp-content\/uploads\/2026\/03\/41273088-ein-streifenwagen-der-polizei-beamte-verfolgten-in-goettingen-einbrecher-bis-sudheim-3G7a.j.jpeg\" loading=\"eager\" fetchpriority=\"high\"   height=\"792\" width=\"1408\" alt=\"Polizei, Blaulicht auf einem Polizeifahrzeug.\"\/>Polizei im Einsatz. \u00a9\u00a0Foto: Carsten Rehder\/dpa<\/p>\n<p class=\"id-StoryElement-leadText\">Drei Rettungssanit\u00e4ter und Polizisten wurden am Samstagabend in Delmenhorst attackiert. Die Polizei ermittelt nach den Angriffen. Zeugen sollen sich dringend melden.<\/p>\n<p class=\"id-StoryElement-paragraph\">Delmenhorst \u2013 Ein Rettungssanit\u00e4ter ist am Samstagabend w\u00e4hrend eines Einsatzes in einem Gasthaus in der Bremer Stra\u00dfe attackiert und verletzt worden.<\/p>\n<p class=\"id-StoryElement-paragraph\">Der Vorfall ereignete sich laut Angaben der Polizei Delmenhorst am Samstag, 14. M\u00e4rz, gegen 21.40 Uhr im Rahmen von Feierlichkeiten in dem Lokal. Zuvor war es dort zu mehreren, miteinander zusammenh\u00e4ngenden Straftaten, darunter K\u00f6rperverletzungen, gekommen. Ein Rettungswagen war alarmiert worden, um einen 19-j\u00e4hrigen Mann zu versorgen, der Opfer einer K\u00f6rperverletzung geworden war.<\/p>\n<p class=\"id-StoryElement-paragraph\">W\u00e4hrend die Besatzung des Rettungswagens den 19-J\u00e4hrigen behandelte, kam es zu einem Handgemenge zwischen den Einsatzkr\u00e4ften und dem 44-j\u00e4hrigen mutma\u00dflichen Verursacher der vorausgegangenen K\u00f6rperverletzung, wie die Polizei mitteilt. In diesem Zusammenhang griff ein zun\u00e4chst unbeteiligter 46-j\u00e4hriger Mann aus Delmenhorst in das Geschehen ein und schlug einem 27 Jahre alten Rettungssanit\u00e4ter hinterr\u00fccks mit der Faust ins Gesicht.<\/p>\n<p class=\"id-StoryElement-paragraph\">Der Sanit\u00e4ter wurde durch den Schlag leicht verletzt und war nicht mehr dienstf\u00e4hig. Der t\u00e4tliche Angriff auf die Rettungskr\u00e4fte wurde laut Polizei erst im Nachgang angezeigt, sodass der Beschuldigte am Ereignisort nicht mehr angetroffen werden konnte. Durch weitere Ermittlungsarbeit konnten die Beamten jedoch die Personalien des 46-J\u00e4hrigen feststellen.<\/p>\n<p>Wenig sp\u00e4ter Angriffe auf Rettungskr\u00e4fte und Polizei<\/p>\n<p class=\"id-StoryElement-paragraph\">Wenig sp\u00e4ter hat eine 22-j\u00e4hrige Patientin vor einer Gastst\u00e4tte im Hasporter Damm die Besatzung eines Rettungswagens angegriffen und dabei zwei Rettungssanit\u00e4terinnen verletzt. <\/p>\n<p class=\"id-StoryElement-paragraph\">Der medizinische Notfall hatte sich nach Polizeiangaben am Samstag, 14. M\u00e4rz, gegen 22.00 Uhr ereignet. Daraufhin wurde ein Rettungswagen alarmiert, um die Frau aus Delmenhorst zu versorgen. Unvermittelt nach Beginn der Behandlung habe die Patientin jedoch die Sanit\u00e4terinnen \u201edurch Treten und Anspucken angegriffen\u201c , wie die Polizei mitteilt. Beide Rettungssanit\u00e4terinnen, 19 und 27 Jahre alt, erlitten leichte Verletzungen; eine von ihnen war laut Polizei anschlie\u00dfend nicht mehr dienstf\u00e4hig.<\/p>\n<p class=\"id-StoryElement-paragraph\">Wegen des t\u00e4tlichen Angriffs auf das Rettungspersonal wurde die Polizei zur Unterst\u00fctzung hinzugerufen. Als die Beamten eintrafen, schubste die Beschuldigte nach Angaben der Einsatzkr\u00e4fte einen Polizeibeamten und beleidigte die eingesetzten Beamten fortlaufend. Au\u00dferdem habe sie mehrfach versucht, die Polizisten zu treten. Die Polizeibeamten wurden bei dem Vorfall nicht verletzt. Gegen die 22-J\u00e4hrige werden nun entsprechende strafrechtliche Ermittlungen eingeleitet.<\/p>\n","protected":false},"excerpt":{"rendered":"Startseite Lokales Niedersachsen Stand: 15.03.2026, 14:47 Uhr Von: Dierk Rohdenburg DruckenTeilen Polizei im Einsatz. \u00a9\u00a0Foto: Carsten Rehder\/dpa Drei&hellip;\n","protected":false},"author":2,"featured_media":870609,"comment_status":"","ping_status":"","sticky":false,"template":"","format":"standard","meta":{"footnotes":"","_share_on_mastodon":"0"},"categories":[1824],"tags":[2420,3364,29,30],"class_list":["post-871196","post","type-post","status-publish","format-standard","has-post-thumbnail","category-bremen","tag-bremen","tag-de","tag-deutschland","tag-germany"],"share_on_mastodon":{"url":"https:\/\/pubeurope.com\/@de\/116234862523094220","error":""},"_links":{"self":[{"href":"https:\/\/www.europesays.com\/de\/wp-json\/wp\/v2\/posts\/871196","targetHints":{"allow":["GET"]}}],"collection":[{"href":"https:\/\/www.europesays.com\/de\/wp-json\/wp\/v2\/posts"}],"about":[{"href":"https:\/\/www.europesays.com\/de\/wp-json\/wp\/v2\/types\/post"}],"author":[{"embeddable":true,"href":"https:\/\/www.europesays.com\/de\/wp-json\/wp\/v2\/users\/2"}],"replies":[{"embeddable":true,"href":"https:\/\/www.europesays.com\/de\/wp-json\/wp\/v2\/comments?post=871196"}],"version-history":[{"count":0,"href":"https:\/\/www.europesays.com\/de\/wp-json\/wp\/v2\/posts\/871196\/revisions"}],"wp:featuredmedia":[{"embeddable":true,"href":"https:\/\/www.europesays.com\/de\/wp-json\/wp\/v2\/media\/870609"}],"wp:attachment":[{"href":"https:\/\/www.europesays.com\/de\/wp-json\/wp\/v2\/media?parent=871196"}],"wp:term":[{"taxonomy":"category","embeddable":true,"href":"https:\/\/www.europesays.com\/de\/wp-json\/wp\/v2\/categories?post=871196"},{"taxonomy":"post_tag","embeddable":true,"href":"https:\/\/www.europesays.com\/de\/wp-json\/wp\/v2\/tags?post=871196"}],"curies":[{"name":"wp","href":"https:\/\/api.w.org\/{rel}","templated":true}]}}