{"id":871197,"date":"2026-03-15T19:33:12","date_gmt":"2026-03-15T19:33:12","guid":{"rendered":"https:\/\/www.europesays.com\/de\/871197\/"},"modified":"2026-03-15T19:33:12","modified_gmt":"2026-03-15T19:33:12","slug":"mainz-05-mit-dreckigem-sieg-im-keller-duell-bei-werder-bremen-fussball","status":"publish","type":"post","link":"https:\/\/www.europesays.com\/de\/871197\/","title":{"rendered":"Mainz 05 mit &#8222;dreckigem Sieg&#8220; im Keller-Duell bei Werder Bremen &#8211; Fu\u00dfball"},"content":{"rendered":"<p>&#8222;Es war ein dreckiger Sieg&#8220;, sagte Cheftrainer Urs Fischer <a href=\"https:\/\/www.sportschau.de\/fussball\/bundesliga\/taube-und-mainzer-kampfkraft-stoppen-werders-hoehenflug,spielbericht-werder-bremen-fsv-mainz-108.html\" class=\"link link-inline inline-link\" title=\"Taube und Mainzer Kampfkraft stoppen Werders H\u00f6henflug\" target=\"_blank\" rel=\"noopener nofollow\" data-pjax=\"0\">nach dem 2:0 von Mainz 05 gegen Werder Bremen<\/a>. &#8222;Aber die sind so wichtig, wenn man sich im Abstiegskampf befindet.&#8220; Paul Nebel hatte die Mainzer fr\u00fch in F\u00fchrung gek\u00f6pft (9.). Jae-Sung\u00a0Lee hat das 2:0 mehr erstolpert als erzielt (48.). Doch das interessierte nach dem wichtigen Sieg im Keller-Duell niemanden mehr. &#8222;Es war ein guter Schritt heute&#8220;, sagte Paul Nebel.<\/p>\n<p>Mainz 05 war aggressiv, war konzentriert, war eklig, lief fr\u00fch an, stellte die R\u00e4ume zu und verdammte Werder Bremen damit weitgehend zur Ideen- und Harmlosigkeit. Ausschlaggebend war, &#8222;dass wir bis zum Schluss die Wege defensiv auch mitgegangen sind&#8220;, sagte Nebel. &#8222;Ich glaube, wir haben es gut verteidigt. Man sieht, dass wir hinten stabil und immer f\u00fcr ein Tor gut sind. Und so kann man auch Spiele gewinnen.&#8220;<\/p>\n<p>Paul Nebel bringt Mainz 05 fr\u00fch in F\u00fchrung<\/p>\n<p>Sein fr\u00fcher Treffer spielte der Mainzer Defensiv-Taktik nat\u00fcrlich in die Karten. &#8222;Ich sehe, dass Phillipp [Mwene] au\u00dfen durch ist und dass der Ball dann ganz gut kommt &#8211; auf Kopfh\u00f6he, das ist auch ein bisschen ungew\u00f6hnlich f\u00fcr mich gewesen. Ich versuche dann, ihn irgendwie aufs Tor zu bringen und freue mich, dass er reingegangen ist.&#8220;<\/p>\n<p>Es war Nebels zweiter Saison-Treffer &#8211; sein erster, seitdem er nach einer Rotsperre im Dezember f\u00fcr l\u00e4ngere Zeit nur noch als Joker zum Einsatz kam. &#8222;F\u00fcr mich nat\u00fcrlich ein wichtiges Tor&#8220;, sagte der 23-J\u00e4hrige. &#8222;Ich hatte ein paar Wochen, wo es ein bisschen schwieriger war. Ich bin froh, dass ich wieder auf dem Platz stehen und der Mannschaft helfen kann.&#8220;<\/p>\n<p>Mainz 05 jubelt f\u00fcr den verletzten Silas<\/p>\n<p>Dennoch dachte er nach seinem Treffer erst einmal an den verletzten Kollegen Silas, <a href=\"https:\/\/www.swr.de\/sport\/fussball\/sigma-olmuetz-mainz-05-conference-league-achtelfinale-hinspiel-100.html\" class=\"link link-inline inline-link\" title=\"Conference League - Schwere Silas-Verletzung \u00fcberschattet Mainz-Spiel - Diagnose ist da\" rel=\"nofollow noopener\" target=\"_blank\">der sich beim 0:0 gegen Sigma Olm\u00fctz das Schien- und Wadenbein gebrochen hatte<\/a>. Er schnappte sich dessen Trikot und zeigte es den Zuschauern: &#8222;Es ist nat\u00fcrlich bl\u00f6d gelaufen mit Silas, was uns unglaublich leid tut. Es freut uns nat\u00fcrlich, dass wir ihm heute einen Sieg schenken konnten. Wir dr\u00fccken ihm alle Daumen, dass er das gut \u00fcbersteht und schnell wieder bei uns ist.&#8220;<\/p>\n<p>Zweimal waren die Mainzer nicht eklig und nicht konzentriert genug: Da k\u00f6pfte Leonardo Bittencourt den Ball an die Latte (9.) und kurz nach der Pause kombinierten sich Jens\u00a0Stage, Romano\u00a0Schmid und Marco\u00a0Gr\u00fcll vors Mainzer Tor. Das ging zu schnell f\u00fcr Kaishu Sano, Danny da Costa und Stefan\u00a0Posch. Sie bekamen keinen Zugriff und waren erleichtert, als Gr\u00fcll den Ball nicht ins Tor, sondern daneben schlenzte (48.). &#8222;Ein 1:0 ist immer gef\u00e4hrlich&#8220;, sagte Nebel. &#8222;Das war uns bewusst und deswegen wollten wir dann in der zweiten Halbzeit auch auf das 2:0 gehen. Und das ist uns gelungen.&#8220;<\/p>\n<p>Mainz 05 rettet den Sieg \u00fcber die Zeit<\/p>\n<p>Denn Mainz 05 besann sich wieder auf seine Tugenden. Kaishu\u00a0Sano lief Gr\u00fcll tief in der Bremer H\u00e4lfte an und eroberte den Ball. Ein Pass nach Au\u00dfen auf Sheraldo Becker, ein Pass nach Innen auf Jae-Sung\u00a0Lee und der bugsierte den Ball irgendwie \u00fcber die Linie (52.). &#8222;Wir hatten das Momentum mit dem 2:0 auch schon wieder auf unserer Seite&#8220;, sagte Chefcoach Fischer.<\/p>\n<p>Dann begann jedoch eine Phase, die dem 60-j\u00e4hrigen Schweizer nicht so gut gefallen hat. &#8222;Ich glaube, nach jeder Balleroberung haben wir den Ball fast wieder hergeschenkt. Das empfand ich als zu wenig Ruhe auf dem Platz. Aber die Mannschaft hat solidarisch verteidigt und hat nichts mehr zugelassen.&#8220; Und mit dem Abpfiff, war diese Phase auch schnell abgehakt: &#8222;Jetzt waren wir mal 1:0 und 2:0 in F\u00fchrung und haben es \u00fcber die Zeit gebracht. Das hilft uns dann schon auch f\u00fcr die n\u00e4chsten schwierigen Aufgaben.&#8220;<\/p>\n<p>Mainz 05 mit drei Punkten Vorsprung vor der Abstiegszone<\/p>\n<p>N\u00e4mlich im R\u00fcckspiel gegen Sigma Olm\u00fctz in der UEFA Conference League (<a href=\"https:\/\/www.swr.de\/sport\/media\/audio-livestream-mainz-olmuetz-conference-league-100.html\" class=\"link link-inline inline-link\" title=\"Conference League live - Live im Audiostream: Mainz gegen Olm\u00fctz im R\u00fcckspiel\" rel=\"nofollow noopener\" target=\"_blank\">Donnerstag, 18:45 Uhr, live im Audiostream auf SWR Sport<\/a>) und im Rhein-Main-Derby gegen Eintracht Frankfurt (<a href=\"https:\/\/www.sportschau.de\/live-und-ergebnisse\/fussball\/deutschland-bundesliga\/ma11200238\/1-fsv-mainz-05_eintracht-frankfurt\/liveticker\" class=\"link link-inline inline-link\" title=\"Mainz 05 gegen Eintracht Frankfurt auf Sportschau.de\" target=\"_blank\" rel=\"noopener nofollow\" data-pjax=\"0\">Sonntag, 15:30 Uhr, live im Audiostream auf Sportschau.de<\/a>). &#8222;Die drei Punkte tun gut. Jetzt gilt es, gut zu regenerieren. Dann bereiten wir das Spiel am Donnerstag vor. Da wollen wir eine Runde weiterkommen. Und Frankfurt ist noch weit weg&#8220;, sagte Fischer.<\/p>\n<p>Bis dahin steht Mainz 05 mit drei Punkten Vorsprung vor dem Relegationsplatz auf Platz 13. &#8222;Das tut uns nat\u00fcrlich gut&#8220;, sagte Nebel. &#8222;Eine gewisse Erleichterung ist da&#8220;, erg\u00e4nzte Fischer. &#8222;Aber die definitive Erleichterung hoffe ich nach dem dem 34. Spieltag zu haben.&#8220; Und dann d\u00fcrfte ihm egal sein, wie dreckig die Siege bis dahin waren.<\/p>\n","protected":false},"excerpt":{"rendered":"&#8222;Es war ein dreckiger Sieg&#8220;, sagte Cheftrainer Urs Fischer nach dem 2:0 von Mainz 05 gegen Werder Bremen.&hellip;\n","protected":false},"author":2,"featured_media":871198,"comment_status":"","ping_status":"","sticky":false,"template":"","format":"standard","meta":{"footnotes":"","_share_on_mastodon":"0"},"categories":[1824],"tags":[2420,3364,29,30],"class_list":["post-871197","post","type-post","status-publish","format-standard","has-post-thumbnail","category-bremen","tag-bremen","tag-de","tag-deutschland","tag-germany"],"share_on_mastodon":{"url":"https:\/\/pubeurope.com\/@de\/116234866370214333","error":""},"_links":{"self":[{"href":"https:\/\/www.europesays.com\/de\/wp-json\/wp\/v2\/posts\/871197","targetHints":{"allow":["GET"]}}],"collection":[{"href":"https:\/\/www.europesays.com\/de\/wp-json\/wp\/v2\/posts"}],"about":[{"href":"https:\/\/www.europesays.com\/de\/wp-json\/wp\/v2\/types\/post"}],"author":[{"embeddable":true,"href":"https:\/\/www.europesays.com\/de\/wp-json\/wp\/v2\/users\/2"}],"replies":[{"embeddable":true,"href":"https:\/\/www.europesays.com\/de\/wp-json\/wp\/v2\/comments?post=871197"}],"version-history":[{"count":0,"href":"https:\/\/www.europesays.com\/de\/wp-json\/wp\/v2\/posts\/871197\/revisions"}],"wp:featuredmedia":[{"embeddable":true,"href":"https:\/\/www.europesays.com\/de\/wp-json\/wp\/v2\/media\/871198"}],"wp:attachment":[{"href":"https:\/\/www.europesays.com\/de\/wp-json\/wp\/v2\/media?parent=871197"}],"wp:term":[{"taxonomy":"category","embeddable":true,"href":"https:\/\/www.europesays.com\/de\/wp-json\/wp\/v2\/categories?post=871197"},{"taxonomy":"post_tag","embeddable":true,"href":"https:\/\/www.europesays.com\/de\/wp-json\/wp\/v2\/tags?post=871197"}],"curies":[{"name":"wp","href":"https:\/\/api.w.org\/{rel}","templated":true}]}}