{"id":871224,"date":"2026-03-15T19:48:12","date_gmt":"2026-03-15T19:48:12","guid":{"rendered":"https:\/\/www.europesays.com\/de\/871224\/"},"modified":"2026-03-15T19:48:12","modified_gmt":"2026-03-15T19:48:12","slug":"lesung-mit-amelie-fried-wochenanzeiger","status":"publish","type":"post","link":"https:\/\/www.europesays.com\/de\/871224\/","title":{"rendered":"Lesung mit Amelie Fried | Wochenanzeiger"},"content":{"rendered":"<p class=\"article-text\">Der F\u00f6rderkreise der Ottobrunner Bibliothek l\u00e4dt am 25. M\u00e4rz ins Wolf-Ferrari-Haus zu einer Lesung mit Amelie Fried ein. Um 19 Uhr liest sie aus ihrem Buch: \u201eEine von uns\u201d. <br \/>Die M\u00fcnchner Autorin Amelie Fried, die als Moderatorin verschiedener TV-Talkshows wie 3 nach 9 bekannt wurde und seit 1996 erfolgreich B\u00fccher wie \u00bbTraumfrau mit Nebenwirkungen\u00ab, \u00bbAm Anfang war der Seitensprung\u00ab, \u00bbDer Mann von nebenan \u00ab und \u00bbLiebes Leid und Lust\u00ab ver\u00f6ffentlichte, wird aus ihrem neuen Roman \u201eEine von uns\u201d lesen. <br \/>In ihrem neuesten Buch \u201eEine von uns\u201d geht es um Nelly, die es geschafft hat. Sie ist mit dem erfolgreichen Wirtschaftscoach Tom verheiratet, Tochter Cleo steht kurz vor dem Abitur mit Bestnote, die j\u00fcngere Schwester Emma \u00fcberrascht mit ungew\u00f6hnlichen Talenten. Ein sorgloses Leben im \u00dcberfluss, von Nelly stolz in Szene gesetzt auf ihrem Videoblog &#8218;Happy wife, happy life!&#8216; &#8211; bis Tom eines Tages schwer verungl\u00fcckt und sich der ganze Wohlstand als gro\u00dfe Illusion entpuppt. Nelly verliert alles. Mit ihren T\u00f6chtern muss sie in eine Sozialwohnung ziehen, und schon bald putzt sie die H\u00e4user der Reichen, in denen sie kurz zuvor noch Gast war. Aber sie gibt nicht auf. Mit Mut und Witz k\u00e4mpft sie sich in ein neues Leben und lernt: Wenn Karma eine Bitch ist, dann schlag zur\u00fcck!<\/p>\n","protected":false},"excerpt":{"rendered":"Der F\u00f6rderkreise der Ottobrunner Bibliothek l\u00e4dt am 25. M\u00e4rz ins Wolf-Ferrari-Haus zu einer Lesung mit Amelie Fried ein.&hellip;\n","protected":false},"author":2,"featured_media":871225,"comment_status":"","ping_status":"","sticky":false,"template":"","format":"standard","meta":{"footnotes":"","_share_on_mastodon":"0"},"categories":[1827],"tags":[772,29,30,9246,1268,45833],"class_list":["post-871224","post","type-post","status-publish","format-standard","has-post-thumbnail","category-muenchen","tag-bayern","tag-deutschland","tag-germany","tag-kunst-kultur-veranstaltungen","tag-muenchen","tag-ottobrunn-landkreis-muenchen"],"share_on_mastodon":{"url":"https:\/\/pubeurope.com\/@de\/116234925364661101","error":""},"_links":{"self":[{"href":"https:\/\/www.europesays.com\/de\/wp-json\/wp\/v2\/posts\/871224","targetHints":{"allow":["GET"]}}],"collection":[{"href":"https:\/\/www.europesays.com\/de\/wp-json\/wp\/v2\/posts"}],"about":[{"href":"https:\/\/www.europesays.com\/de\/wp-json\/wp\/v2\/types\/post"}],"author":[{"embeddable":true,"href":"https:\/\/www.europesays.com\/de\/wp-json\/wp\/v2\/users\/2"}],"replies":[{"embeddable":true,"href":"https:\/\/www.europesays.com\/de\/wp-json\/wp\/v2\/comments?post=871224"}],"version-history":[{"count":0,"href":"https:\/\/www.europesays.com\/de\/wp-json\/wp\/v2\/posts\/871224\/revisions"}],"wp:featuredmedia":[{"embeddable":true,"href":"https:\/\/www.europesays.com\/de\/wp-json\/wp\/v2\/media\/871225"}],"wp:attachment":[{"href":"https:\/\/www.europesays.com\/de\/wp-json\/wp\/v2\/media?parent=871224"}],"wp:term":[{"taxonomy":"category","embeddable":true,"href":"https:\/\/www.europesays.com\/de\/wp-json\/wp\/v2\/categories?post=871224"},{"taxonomy":"post_tag","embeddable":true,"href":"https:\/\/www.europesays.com\/de\/wp-json\/wp\/v2\/tags?post=871224"}],"curies":[{"name":"wp","href":"https:\/\/api.w.org\/{rel}","templated":true}]}}