{"id":871304,"date":"2026-03-15T20:36:12","date_gmt":"2026-03-15T20:36:12","guid":{"rendered":"https:\/\/www.europesays.com\/de\/871304\/"},"modified":"2026-03-15T20:36:12","modified_gmt":"2026-03-15T20:36:12","slug":"ein-jahr-usa-als-junior-botschafterin-was-jule-bauer-15-aus-welzheim-antreibt-nachrichten-aus-welzheim","status":"publish","type":"post","link":"https:\/\/www.europesays.com\/de\/871304\/","title":{"rendered":"Ein Jahr USA als Junior-Botschafterin: Was Jule Bauer (15) aus Welzheim antreibt &#8211; Nachrichten aus Welzheim"},"content":{"rendered":"<p><strong>Welzheim<\/strong>. In die Vereinigten Staaten zu gehen, das war schon seit langer Zeit der Traum von Jule Bauer. Die 15-J\u00e4hrige aus Welzheim  l\u00e4sst diesen Traum nun Wirklichkeit werden und verbringt bald ein Jahr in den USA &#8211; als Junior-Botschafterin. M\u00f6glich macht das ein Programm des Bundestags.<\/p>\n<p>Und zwar das Parlamentarische Patenschafts-Programm (PPP), von dem ihr eine Lehrerin am Limes-Gymnasium berichtete. Sch\u00fcler und junge Berufst\u00e4tige k\u00f6nnen \u00fcber dieses Programm ein Jahr<\/p>\n","protected":false},"excerpt":{"rendered":"Welzheim. In die Vereinigten Staaten zu gehen, das war schon seit langer Zeit der Traum von Jule Bauer.&hellip;\n","protected":false},"author":2,"featured_media":871305,"comment_status":"","ping_status":"","sticky":false,"template":"","format":"standard","meta":{"footnotes":"","_share_on_mastodon":"0"},"categories":[3977],"tags":[17432,331,332,23039,1180,31,129593,13,14,15,12,34337,190824,4017,4018,4016,64,4019,4020,48461],"class_list":["post-871304","post","type-post","status-publish","format-standard","has-post-thumbnail","category-usa","tag-austausch","tag-aktuelle-nachrichten","tag-aktuelle-news","tag-aud_familie","tag-bundestag","tag-cdu","tag-christina-stumpp","tag-headlines","tag-nachrichten","tag-news","tag-schlagzeilen","tag-stipendium","tag-un_kein-userneed","tag-united-states","tag-united-states-of-america","tag-us","tag-usa","tag-vereinigte-staaten","tag-vereinigte-staaten-von-amerika","tag-welzheim"],"share_on_mastodon":{"url":"https:\/\/pubeurope.com\/@de\/116235113979080180","error":""},"_links":{"self":[{"href":"https:\/\/www.europesays.com\/de\/wp-json\/wp\/v2\/posts\/871304","targetHints":{"allow":["GET"]}}],"collection":[{"href":"https:\/\/www.europesays.com\/de\/wp-json\/wp\/v2\/posts"}],"about":[{"href":"https:\/\/www.europesays.com\/de\/wp-json\/wp\/v2\/types\/post"}],"author":[{"embeddable":true,"href":"https:\/\/www.europesays.com\/de\/wp-json\/wp\/v2\/users\/2"}],"replies":[{"embeddable":true,"href":"https:\/\/www.europesays.com\/de\/wp-json\/wp\/v2\/comments?post=871304"}],"version-history":[{"count":0,"href":"https:\/\/www.europesays.com\/de\/wp-json\/wp\/v2\/posts\/871304\/revisions"}],"wp:featuredmedia":[{"embeddable":true,"href":"https:\/\/www.europesays.com\/de\/wp-json\/wp\/v2\/media\/871305"}],"wp:attachment":[{"href":"https:\/\/www.europesays.com\/de\/wp-json\/wp\/v2\/media?parent=871304"}],"wp:term":[{"taxonomy":"category","embeddable":true,"href":"https:\/\/www.europesays.com\/de\/wp-json\/wp\/v2\/categories?post=871304"},{"taxonomy":"post_tag","embeddable":true,"href":"https:\/\/www.europesays.com\/de\/wp-json\/wp\/v2\/tags?post=871304"}],"curies":[{"name":"wp","href":"https:\/\/api.w.org\/{rel}","templated":true}]}}