{"id":871615,"date":"2026-03-15T23:42:14","date_gmt":"2026-03-15T23:42:14","guid":{"rendered":"https:\/\/www.europesays.com\/de\/871615\/"},"modified":"2026-03-15T23:42:14","modified_gmt":"2026-03-15T23:42:14","slug":"ueber-1-000-vogelnester-im-schloss-klippenstein","status":"publish","type":"post","link":"https:\/\/www.europesays.com\/de\/871615\/","title":{"rendered":"\u00dcber 1.000 Vogelnester im Schloss Klippenstein"},"content":{"rendered":"<p>Begleitet wird die Ausstellung von einem vielf\u00e4ltigen Programm mit Konzerten, Vortr\u00e4gen, Workshops und einem K\u00fcnstlergespr\u00e4ch. Zur Vernissage entf\u00fchrt der Ornithologe Martin P\u00e4ckert von den Senckenberg Naturhistorischen Sammlungen mit einer besonderen Vogel-Performance in die Klangwelt der V\u00f6gel. Anschlie\u00dfend kommen die Fotografin Karen Weinert, die Museumsleiterin und Kuratorin des Senckenberg Naturmuseums Dresden, Sinah Hoffmann, sowie Ausstellungsleiter Patrick-Daniel Baer miteinander ins Gespr\u00e4ch.<\/p>\n<p>Zur Ausstellung erscheinen au\u00dferdem begleitende Publikationen, darunter die Kinderbrosch\u00fcre \u201eEin Nest. V\u00f6gel und ihre Bauten\u201c. Die Ver\u00f6ffentlichungen sind w\u00e4hrend der Laufzeit der Ausstellung im Museumsshop erh\u00e4ltlich. Wer sich also f\u00fcr Natur, Fotografie und die erstaunliche Baukunst der V\u00f6gel interessiert, findet im Schloss Klippenstein in den kommenden Monaten einen ebenso poetischen wie lehrreichen Blick in die Kinderstuben der Vogelwelt.<\/p>\n","protected":false},"excerpt":{"rendered":"Begleitet wird die Ausstellung von einem vielf\u00e4ltigen Programm mit Konzerten, Vortr\u00e4gen, Workshops und einem K\u00fcnstlergespr\u00e4ch. Zur Vernissage entf\u00fchrt&hellip;\n","protected":false},"author":2,"featured_media":871616,"comment_status":"","ping_status":"","sticky":false,"template":"","format":"standard","meta":{"footnotes":"","_share_on_mastodon":"0"},"categories":[1835],"tags":[3364,29,2386,30,50697,859,192660,11813],"class_list":["post-871615","post","type-post","status-publish","format-standard","has-post-thumbnail","category-dresden","tag-de","tag-deutschland","tag-dresden","tag-germany","tag-radeberg","tag-sachsen","tag-schloss-klippenstein","tag-sonderausstellung"],"share_on_mastodon":{"url":"https:\/\/pubeurope.com\/@de\/116235845450030414","error":""},"_links":{"self":[{"href":"https:\/\/www.europesays.com\/de\/wp-json\/wp\/v2\/posts\/871615","targetHints":{"allow":["GET"]}}],"collection":[{"href":"https:\/\/www.europesays.com\/de\/wp-json\/wp\/v2\/posts"}],"about":[{"href":"https:\/\/www.europesays.com\/de\/wp-json\/wp\/v2\/types\/post"}],"author":[{"embeddable":true,"href":"https:\/\/www.europesays.com\/de\/wp-json\/wp\/v2\/users\/2"}],"replies":[{"embeddable":true,"href":"https:\/\/www.europesays.com\/de\/wp-json\/wp\/v2\/comments?post=871615"}],"version-history":[{"count":0,"href":"https:\/\/www.europesays.com\/de\/wp-json\/wp\/v2\/posts\/871615\/revisions"}],"wp:featuredmedia":[{"embeddable":true,"href":"https:\/\/www.europesays.com\/de\/wp-json\/wp\/v2\/media\/871616"}],"wp:attachment":[{"href":"https:\/\/www.europesays.com\/de\/wp-json\/wp\/v2\/media?parent=871615"}],"wp:term":[{"taxonomy":"category","embeddable":true,"href":"https:\/\/www.europesays.com\/de\/wp-json\/wp\/v2\/categories?post=871615"},{"taxonomy":"post_tag","embeddable":true,"href":"https:\/\/www.europesays.com\/de\/wp-json\/wp\/v2\/tags?post=871615"}],"curies":[{"name":"wp","href":"https:\/\/api.w.org\/{rel}","templated":true}]}}