{"id":871764,"date":"2026-03-16T01:05:18","date_gmt":"2026-03-16T01:05:18","guid":{"rendered":"https:\/\/www.europesays.com\/de\/871764\/"},"modified":"2026-03-16T01:05:18","modified_gmt":"2026-03-16T01:05:18","slug":"schueler-und-buergermeister-sammeln-muell","status":"publish","type":"post","link":"https:\/\/www.europesays.com\/de\/871764\/","title":{"rendered":"Sch\u00fcler und B\u00fcrgermeister sammeln M\u00fcll"},"content":{"rendered":"<ul>\n<li>Sch\u00fcler der Grundschule Blomendal sammelten bei den Bremer Aufr\u00e4umtagen Unrat; Bremens B\u00fcrgermeister Andreas Bovenschulte unterst\u00fctzte sie und beantwortete ihre Fragen.<\/li>\n<li>Bremens B\u00fcrgermeister nahm mit einer vierten Klasse an der Sammlung teil und betonte, dass solche Aktionen wichtig seien. Die Bremer Stadtreinigung stellt Zubeh\u00f6r und organisiert die Sammelstellen.<\/li>\n<li>Laut Bremer Stadtreinigung gab es bei den letzten Aufr\u00e4umtagen 2025 einen Anmelderekord; insgesamt wurden \u00fcber 21 Tonnen M\u00fcll gesammelt, sieben Tonnen mehr als im Jahr zuvor.<\/li>\n<\/ul>\n<p>            Mehr anzeigen<br \/>\n            Weniger anzeigen<\/p>\n<p> Bereitwillig stellte sich Bremens B\u00fcrgermeister <a href=\"https:\/\/www.weser-kurier.de\/thema\/andreas-bovenschulte-q496300\/\" rel=\"nofollow noopener\" target=\"_blank\">Andreas Bovenschulte<\/a> den Fragen der Kinder in der Grundschule Blomendal. Sie wollten wissen, wie alt er ist, ob er Kinder hat und vor allem, wie gro\u00df er ist. Denn mit fast zwei Metern L\u00e4nge \u00fcberragte er die vielen Personen, die sich zur gro\u00dfen M\u00fcllsammelaktion in der Schule eingefunden hatten.<\/p>\n<p>Jedes Jahr veranstaltet die Bremer Stadtreinigung (DBS) die Aufr\u00e4umtage, bei denen Tausende von Freiwilligen weggeworfenen M\u00fcll im Stadtgebiet sammeln. Kitas, Schulklassen, Vereine, Unternehmen oder Nachbarschaftsgruppen im gesamten Stadtgebiet nehmen daran teil. Der anfallende M\u00fcll wird anschlie\u00dfend bei einer Sammelstelle der Bremer Stadtreinigung abgegeben, die auch das Zubeh\u00f6r stellt.<\/p>\n<p>In diesem Jahr streifte sich auch B\u00fcrgermeister Andreas Bovenschulte eine gelbe Leuchtweste \u00fcber, nahm Greifzange und M\u00fcllbeutel in die Hand und zog mit einer vierten Klasse der Grundschule Blomendal durch den Stadtteil, wobei die lange M\u00fchlenstra\u00dfe einen Sammelschwerpunkt bildete. &#8222;Ich mache gern solche Aktionen mit&#8220;, sagt Andreas Bovenschulte, der sich bei den Aufr\u00e4umtagen in diesem Jahr auf die Grundschule in Blumenthal beschr\u00e4nkte.<\/p>\n<p>Einsatz der Umweltw\u00e4chter wirkt positiv<\/p>\n<p>&#8222;Unsere Schule ist jedoch nicht nur bei den Aufr\u00e4umtagen aktiv, die Sch\u00fcler machen auch gemeinsam mit dem Hausmeister regelm\u00e4\u00dfig den Schulhof sauber&#8220;, sagt Schulleiterin Maribel Ramirez. Entsprechend wenig hatten die Kinder am Startpunkt ihrer Sammelroute zu tun: Auf dem Schulhof war kaum M\u00fcll zu finden. Doch schon wenige Meter weiter, an einer Litfa\u00dfs\u00e4ule in der M\u00fchlenstra\u00dfe, lagen massenhaft Zigarettenkippen, die von den Kindern mit kleinen Handgreifern in die M\u00fcllbeutel gelangten. In der Nebenstra\u00dfe Am Langenfeld vermischte sich ein gro\u00dfer Haufen Laub mit einer gro\u00dfen Menge M\u00fcll, der neben den schwarzen M\u00fclltonnen lag. Hier kamen die Besen der Umweltw\u00e4chter zum Einsatz, die seit Kurzem wieder in Bremen-Nord t\u00e4tig sind, denn die M\u00fcllmenge war f\u00fcr die kleinen T\u00fcten der Kinder viel zu gro\u00df.<\/p>\n<p>&#8222;Seitdem die Umweltw\u00e4chter auch in Blumenthal wieder im Einsatz sind, hat sich das M\u00fcllproblem sp\u00fcrbar verringert&#8220;, sagt Blumenthals Ortsamtsleiter Oliver Fr\u00f6hlich, der beim Aufr\u00e4umtag in der Grundschule auch dabei war. Er freute sich, dass in diesem Jahr s\u00e4mtliche Schulen in Blumenthal mitmachen, aber auch Kitas, viele Vereine und freiwillige Helfer.<\/p>\n<p>Bei den letzten Aufr\u00e4umtagen 2025 gab es laut Bremer Stadtreinigung einen erneuten Anmelderekord: Im Vergleich zu 2024 beteiligten sich rund 8000 Menschen mehr an der Aktion. Insgesamt gingen \u00fcber 31.500 Bremerinnen und Bremer an beiden Tagen los, um ihre Stadt sauberer zu machen.<\/p>\n<p>Auch das Ergebnis aus 2025 konnte sich sehen lassen: Beim Bremer Fr\u00fchjahrsputz kamen mehr als 21 Tonnen M\u00fcll zusammen \u2013 ganze sieben Tonnen mehr als im Jahr zuvor. Besonders erfreulich sei, dass immer mehr Gruppen mitmachen: Schulen, Kitas, Vereine, viele Privatpersonen und vor allem auch Bremer Unternehmen, die ihre Anmeldezahlen sogar verdoppelt haben.<\/p>\n<p>W\u00e4hrend der Sammeltour durch Blumenthal war vielen Kindern der enorme Eifer beim M\u00fcllsammeln anzusehen. Sogar der gro\u00dfe Aschenbecher drau\u00dfen am Aden-Backhaus wurde saubergemacht, und die Kinder st\u00fcrzten sich auf die gro\u00dfen Mengen von Kronkorken, Kippen und kleinem Plastikm\u00fcll neben dem Netto-Discounter in der M\u00fchlenstra\u00dfe.<\/p>\n<p>    <img decoding=\"async\" data-w=\"1200 1 Landscape\" alt=\"Die Kinder haben nicht nur M\u00fcll auf den Stra\u00dfen gefunden, wie sie Ortsamtsleiter Oliver Fr\u00f6hlich (links) und B\u00fcrgermeister Andreas Bovenschulte zeigen.\" class=\"inline-gallery__image withsrc\" style=\"max-height:unset;aspect-ratio:16\/9\" loading=\"lazy\"   src=\"https:\/\/www.europesays.com\/de\/wp-content\/uploads\/2026\/03\/Landscapebremer-aufr-umtage-grundschule-blomendal.webp.webp\"\/><\/p>\n<p>Die Kinder haben nicht nur M\u00fcll auf den Stra\u00dfen gefunden, wie sie Ortsamtsleiter Oliver Fr\u00f6hlich (links) und B\u00fcrgermeister Andreas Bovenschulte zeigen.<\/p>\n<p>                    Foto:<br \/>\n     Jakob Richter <\/p>\n<p>Unter all dem Unrat kam jedoch auch mal Erfreuliches zutage: Ein M\u00e4dchen fand das leere Geh\u00e4use einer Schnirkelschnecke und zeigte es begeistert der Klassenlehrerin.<\/p>\n<p>Doch an der Johann-Hoppe-Stra\u00dfe sah es auf einem Privatgrundst\u00fcck wirklich \u00fcbel aus: Hinter dem Zaun lag der Boden zwischen wuchernden Brombeerstr\u00e4uchern voller M\u00fcll, teilweise schon in Zersetzung begriffen. &#8222;Da d\u00fcrfen die Kinder nicht hin, aber die Umweltw\u00e4chter auch nicht&#8220;, sagt Oliver Fr\u00f6hlich. Auf solchen Privatfl\u00e4chen ist der Eigent\u00fcmer verpflichtet, den M\u00fcll in den vorgesehenen Tonnen oder \u00fcber die Recyclingh\u00f6fe der Bremer Stadtreinigung zu entsorgen \u2013 im Rahmen der Bremer Aufr\u00e4umtage kann auf M\u00fcll dieser Art nicht zugegriffen werden.<\/p>\n<p>                Diese Fragen und Antworten wurden mit KI basierend auf unseren Artikeln erstellt.<br \/>\n                <a class=\"more-btn\" href=\"https:\/\/www.weser-kurier.de\/generative-ki\/\" rel=\"nofollow noopener\" target=\"_blank\"><br \/>\n                    \u2192 Mehr Infos<br \/>\n                <\/a><\/p>\n<p>                        <a href=\"https:\/\/www.weser-kurier.de\/\" id=\"home\" class=\"button primary-primary font-size-15_1 m-0a customEvent\" data-layer-event-name=\"customEvent\" data-layer-trigger=\"click\" data-layer-category=\"artikelscoring\" data-layer-action=\"startseite_button\" data-layer-label=\"doc84yi6yqwrt51n89fgknu\" data-layer-value=\"https:\/\/www.weser-kurier.de\/bremen\/stadtteil-blumenthal\/1\" rel=\"nofollow noopener\" target=\"_blank\">Zur Startseite<\/a><\/p>\n","protected":false},"excerpt":{"rendered":"Sch\u00fcler der Grundschule Blomendal sammelten bei den Bremer Aufr\u00e4umtagen Unrat; Bremens B\u00fcrgermeister Andreas Bovenschulte unterst\u00fctzte sie und beantwortete&hellip;\n","protected":false},"author":2,"featured_media":871765,"comment_status":"","ping_status":"","sticky":false,"template":"","format":"standard","meta":{"footnotes":"","_share_on_mastodon":"0"},"categories":[1824],"tags":[2420,3364,29,30],"class_list":["post-871764","post","type-post","status-publish","format-standard","has-post-thumbnail","category-bremen","tag-bremen","tag-de","tag-deutschland","tag-germany"],"share_on_mastodon":{"url":"https:\/\/pubeurope.com\/@de\/116236172715067307","error":""},"_links":{"self":[{"href":"https:\/\/www.europesays.com\/de\/wp-json\/wp\/v2\/posts\/871764","targetHints":{"allow":["GET"]}}],"collection":[{"href":"https:\/\/www.europesays.com\/de\/wp-json\/wp\/v2\/posts"}],"about":[{"href":"https:\/\/www.europesays.com\/de\/wp-json\/wp\/v2\/types\/post"}],"author":[{"embeddable":true,"href":"https:\/\/www.europesays.com\/de\/wp-json\/wp\/v2\/users\/2"}],"replies":[{"embeddable":true,"href":"https:\/\/www.europesays.com\/de\/wp-json\/wp\/v2\/comments?post=871764"}],"version-history":[{"count":0,"href":"https:\/\/www.europesays.com\/de\/wp-json\/wp\/v2\/posts\/871764\/revisions"}],"wp:featuredmedia":[{"embeddable":true,"href":"https:\/\/www.europesays.com\/de\/wp-json\/wp\/v2\/media\/871765"}],"wp:attachment":[{"href":"https:\/\/www.europesays.com\/de\/wp-json\/wp\/v2\/media?parent=871764"}],"wp:term":[{"taxonomy":"category","embeddable":true,"href":"https:\/\/www.europesays.com\/de\/wp-json\/wp\/v2\/categories?post=871764"},{"taxonomy":"post_tag","embeddable":true,"href":"https:\/\/www.europesays.com\/de\/wp-json\/wp\/v2\/tags?post=871764"}],"curies":[{"name":"wp","href":"https:\/\/api.w.org\/{rel}","templated":true}]}}